
{"id":13234,"date":"2014-09-29T07:00:30","date_gmt":"2014-09-29T05:00:30","guid":{"rendered":"http:\/\/adamczewski.blog.polityka.pl\/?p=13234"},"modified":"2014-09-25T11:45:38","modified_gmt":"2014-09-25T09:45:38","slug":"czarno-na-bialym-albo-odwrotnie","status":"publish","type":"post","link":"https:\/\/blog.polityka.pl\/adamczewski\/2014\/09\/29\/czarno-na-bialym-albo-odwrotnie\/","title":{"rendered":"Czarno na bia\u0142ym albo odwrotnie"},"content":{"rendered":"<p>Gdy kawa jest ju\u017c palona, mamy w\u0142asny ekspress, mo\u017cemy pi\u0107 j\u0105\u00a0 na wiele sposob\u00f3w. Warto wi\u0119c wiedzie\u0107 co jest co czyli jak nazwa\u0107 to co mamy w fili\u017cance. <!--more--><\/p>\n<div id=\"attachment_13233\" style=\"width: 630px\" class=\"wp-caption aligncenter\"><a href=\"\/wp-content\/uploads\/2014\/09\/Kawa-w-fili\u017cance-Rosenthala.jpg\"><img loading=\"lazy\" decoding=\"async\" aria-describedby=\"caption-attachment-13233\" class=\"size-large wp-image-13233\" src=\"\/wp-content\/uploads\/2014\/09\/Kawa-w-fili\u017cance-Rosenthala-1024x768.jpg\" alt=\"Fot. P. Adamczewski\" width=\"620\" height=\"465\" \/><\/a><p id=\"caption-attachment-13233\" class=\"wp-caption-text\">Fot. P. Adamczewski<\/p><\/div>\n<p>ESPRESSO RISTRETTO &#8211; espresso, podczas parzenia kt\u00f3rego &#8222;od\u0142\u0105cza si\u0119&#8221; urz\u0105dzenie; wy\u0142\u0105cza si\u0119 je wcze\u015bniej ni\u017c przy zwyk\u0142ym espresso, przez co kawa jest &#8222;kr\u00f3tsza&#8221; (zawiera mniej wody), a tym samym g\u0119stsza, mocniejsza i bardziej aromatyczna.<\/p>\n<p>DOPPIO (&#8222;podw\u00f3jna&#8221;) &#8211; to nic innego jak dwie kawy espresso w jednej fili\u017cance.<\/p>\n<p>AMERICANO &#8211; standardowo przyrz\u0105dzone espresso rozcie\u0144czone gor\u0105c\u0105 wod\u0105, zwykle do obj\u0119to\u015bci fili\u017canki zwyk\u0142ej kawy.<\/p>\n<p>CAFFE LATTE (albo po prostu &#8222;latte&#8221; &#8211; jeden z najbardziej popularnych napoj\u00f3w bazuj\u0105cych na espresso) &#8211; \u015bwie\u017co nalane espresso z dodatkiem mleka podgrzanego par\u0105 do 65-76\u00b0C. Czasem serwuje si\u0119 je w wysokiej szklance, dodaj\u0105c na wierzch piank\u0119 z mleka grubo\u015bci 5 mm, a czasem, wed\u0142ug gustu, hojnie posypuj\u0105c czekolad\u0105 lub cynamonem. Jest to w\u0142a\u015bciwie cappuccino z du\u017co wi\u0119ksz\u0105 ilo\u015bci\u0105 mleka.<\/p>\n<p>ESPRESSO MACCHIATO &#8211; espresso &#8222;zabarwione&#8221; jedynie odrobin\u0105 mleka.<\/p>\n<p>LATTE MACCHIATO &#8211; szklanka gor\u0105cego mleka z niewielk\u0105 ilo\u015bci\u0105 espresso.<\/p>\n<p>ESPRESSO ROMANO &#8211; espresso z dodatkiem sk\u00f3rki cytryny.<\/p>\n<p>ESPRESSO CON PANNA &#8211; espresso z \u0142y\u017ck\u0105 zimnej bitej \u015bmietany.<\/p>\n<p>CAFFE MOCHA (albo mokka) &#8211; <sup>1<\/sup>\/3 espresso, <sup>1<\/sup>\/3 gor\u0105cej czekolady i <em>1\/3 <\/em>mleka podgrzanego par\u0105, wlane do fili\u017canki w tej w\u0142a\u015bnie kolejno\u015bci. Obecnie cz\u0119sto do mokki wlewa si\u0119 sporo syropu czekoladowego w\u0142asnej roboty &#8211; tak \u017ceby pokry\u0142 dno fili\u017canki, a dopiero potem espresso i podgrzane mleko. Je\u015bli masz ochot\u0119 na chwil\u0119 zapomnienia, mo\u017cesz udekorowa\u0107 nap\u00f3j \u0142y\u017ck\u0105 bitej \u015bmietany, a nast\u0119pnie posypa\u0107 zmielonym s\u0142odkim kakao. Nap\u00f3j ten to w\u0142a\u015bciwie czekoladowe cappuccino. Istniej\u0105 te\u017c wariacje cappuccino: o smaku orzech\u00f3w laskowych, wanilii, Irish Cream. Wszystkie mo\u017cna przyrz\u0105dzi\u0107, dodaj\u0105c odpowiedni syrop.<\/p>\n<p>Smacznego !<\/p>\n","protected":false},"excerpt":{"rendered":"<p>Gdy kawa jest ju\u017c palona, mamy w\u0142asny ekspress, mo\u017cemy pi\u0107 j\u0105\u00a0 na wiele sposob\u00f3w. Warto wi\u0119c wiedzie\u0107 co jest co czyli jak nazwa\u0107 to co mamy w fili\u017cance.<\/p>\n","protected":false},"author":2,"featured_media":0,"comment_status":"open","ping_status":"closed","sticky":false,"template":"","format":"standard","meta":{"footnotes":""},"categories":[1],"tags":[],"_links":{"self":[{"href":"https:\/\/blog.polityka.pl\/adamczewski\/wp-json\/wp\/v2\/posts\/13234"}],"collection":[{"href":"https:\/\/blog.polityka.pl\/adamczewski\/wp-json\/wp\/v2\/posts"}],"about":[{"href":"https:\/\/blog.polityka.pl\/adamczewski\/wp-json\/wp\/v2\/types\/post"}],"author":[{"embeddable":true,"href":"https:\/\/blog.polityka.pl\/adamczewski\/wp-json\/wp\/v2\/users\/2"}],"replies":[{"embeddable":true,"href":"https:\/\/blog.polityka.pl\/adamczewski\/wp-json\/wp\/v2\/comments?post=13234"}],"version-history":[{"count":8,"href":"https:\/\/blog.polityka.pl\/adamczewski\/wp-json\/wp\/v2\/posts\/13234\/revisions"}],"predecessor-version":[{"id":13256,"href":"https:\/\/blog.polityka.pl\/adamczewski\/wp-json\/wp\/v2\/posts\/13234\/revisions\/13256"}],"wp:attachment":[{"href":"https:\/\/blog.polityka.pl\/adamczewski\/wp-json\/wp\/v2\/media?parent=13234"}],"wp:term":[{"taxonomy":"category","embeddable":true,"href":"https:\/\/blog.polityka.pl\/adamczewski\/wp-json\/wp\/v2\/categories?post=13234"},{"taxonomy":"post_tag","embeddable":true,"href":"https:\/\/blog.polityka.pl\/adamczewski\/wp-json\/wp\/v2\/tags?post=13234"}],"curies":[{"name":"wp","href":"https:\/\/api.w.org\/{rel}","templated":true}]}}