
{"id":13288,"date":"2014-10-06T07:00:36","date_gmt":"2014-10-06T05:00:36","guid":{"rendered":"http:\/\/adamczewski.blog.polityka.pl\/?p=13288"},"modified":"2014-10-03T11:55:15","modified_gmt":"2014-10-03T09:55:15","slug":"pierwszy-spacer-po-swietokrzyskiej","status":"publish","type":"post","link":"https:\/\/blog.polityka.pl\/adamczewski\/2014\/10\/06\/pierwszy-spacer-po-swietokrzyskiej\/","title":{"rendered":"Pierwszy spacer po \u015awi\u0119tokrzyskiej"},"content":{"rendered":"<p>Prawd\u0119 m\u00f3wi\u0105c nie by\u0142 to spacer, lecz przeja\u017cd\u017cka, ale z tak ma\u0142\u0105 pr\u0119dko\u015bci\u0105 (by m\u00f3c podziwia\u0107 now\u0105 arteri\u0119), \u017ce mo\u017cna m\u00f3wi\u0107 o pieszej w\u0119dr\u00f3wce. Ot\u00f3\u017c wbrew opiniom wi\u0119kszo\u015bci warszawiak\u00f3w, kt\u00f3rych s\u0142ycha\u0107 w r\u00f3\u017cnych stacjach radiowych i telewizyjnych, mnie odnowiona ulica \u015awi\u0119tokrzyska si\u0119 podoba. Jej zw\u0119\u017cenie na odcinku od Marsza\u0142kowskiej do Kopernika wcale mi nie przeszkadza. Wi\u0119cej miejsca dla pieszych i \u015bcie\u017cki rowerowe s\u0105 moim zdaniem dobrym rozwi\u0105zaniem. Ulice wielkiego miasta nie s\u0105 bowiem (zw\u0142aszcza w centrum) wy\u0142\u0105cznie dla zmotoryzowanych.<!--more--><br \/>\n<div id=\"attachment_13292\" style=\"width: 293px\" class=\"wp-caption aligncenter\"><a href=\"\/wp-content\/uploads\/2014\/10\/swietokrzyska-EN_01147731_0004.jpg\"><img loading=\"lazy\" decoding=\"async\" aria-describedby=\"caption-attachment-13292\" src=\"\/wp-content\/uploads\/2014\/10\/swietokrzyska-EN_01147731_0004.jpg\" alt=\"Fot. Bartosz Krupa\/East News\" width=\"283\" height=\"163\" class=\"size-full wp-image-13292\" \/><\/a><p id=\"caption-attachment-13292\" class=\"wp-caption-text\">Fot. Bartosz Krupa\/East News<\/p><\/div><\/p>\n<p>\u017bycie toczy si\u0119 g\u0142\u00f3wnie dzi\u0119ki piechurom. To oni bowiem zachodz\u0105 do kawiarni, restauracji, sklep\u00f3w le\u017c\u0105cych wzd\u0142u\u017c ulic. A takich miejsc przy \u015awi\u0119tokrzyskiej jest ca\u0142kiem sporo. Niekt\u00f3re przetrwa\u0142y lata przebudowy i teraz czekaj\u0105 na klient\u00f3w, inne za\u015b w\u0142a\u015bnie otwieraj\u0105 swoje podwoje i witaj\u0105 nowych go\u015bci.<\/p>\n<p>Nie bulwersuj\u0105 mnie te\u017c nowe wej\u015bcia do nowych stacji metra, a ich inna architektura ni\u017c tych starych u\u0142atwia wr\u0119cz zorientowanie si\u0119, w jakim kierunku b\u0119dzie mo\u017cna pojecha\u0107 pod ziemi\u0105 &#8211; z p\u00f3\u0142nocy na po\u0142udnie czy z zachodu na wsch\u00f3d. Najbardziej za\u015b mnie roz\u015bmieszy\u0142 (prawd\u0119 m\u00f3wi\u0105c: wr\u0119cz rozz\u0142o\u015bci\u0142) osobnik krytykuj\u0105cy now\u0105 lini\u0119 metra za fakt, \u017ce biegnie ona pod ziemi\u0105, a on nie ma zamiaru za \u017cycia schodzi\u0107 gdzie\u015b w piekielne czelu\u015bci. O ile wiem, nie ma obowi\u0105zku korzystania z kolejki podziemnej. Z jednej strony Wis\u0142y na drug\u0105 mo\u017cna przejecha\u0107 po wierzchu, a sam\u0105 rzek\u0119 pokona\u0107 wp\u0142aw.<\/p>\n<p>Ja za\u015b czekam z niecierpliwo\u015bci\u0105, kiedy b\u0119d\u0119 m\u00f3g\u0142 skorzysta\u0107 z nowej linii metra, by przejecha\u0107 z francuskiego bistro Saint Jacques przy rogu \u015awi\u0119tokrzyskiej i Emilii Plater do Porto Praga przy Okrzei lub La Strada przy K\u0142opotowskiego.<\/p>\n","protected":false},"excerpt":{"rendered":"<p>Prawd\u0119 m\u00f3wi\u0105c nie by\u0142 to spacer, lecz przeja\u017cd\u017cka, ale z tak ma\u0142\u0105 pr\u0119dko\u015bci\u0105 (by m\u00f3c podziwia\u0107 now\u0105 arteri\u0119), \u017ce mo\u017cna m\u00f3wi\u0107 o pieszej w\u0119dr\u00f3wce. Ot\u00f3\u017c wbrew opiniom wi\u0119kszo\u015bci warszawiak\u00f3w, kt\u00f3rych s\u0142ycha\u0107 w r\u00f3\u017cnych stacjach radiowych i telewizyjnych, mnie odnowiona ulica \u015awi\u0119tokrzyska si\u0119 podoba. Jej zw\u0119\u017cenie na odcinku od Marsza\u0142kowskiej do Kopernika wcale mi nie przeszkadza. [&hellip;]<\/p>\n","protected":false},"author":2,"featured_media":0,"comment_status":"open","ping_status":"closed","sticky":false,"template":"","format":"standard","meta":{"footnotes":""},"categories":[1],"tags":[],"_links":{"self":[{"href":"https:\/\/blog.polityka.pl\/adamczewski\/wp-json\/wp\/v2\/posts\/13288"}],"collection":[{"href":"https:\/\/blog.polityka.pl\/adamczewski\/wp-json\/wp\/v2\/posts"}],"about":[{"href":"https:\/\/blog.polityka.pl\/adamczewski\/wp-json\/wp\/v2\/types\/post"}],"author":[{"embeddable":true,"href":"https:\/\/blog.polityka.pl\/adamczewski\/wp-json\/wp\/v2\/users\/2"}],"replies":[{"embeddable":true,"href":"https:\/\/blog.polityka.pl\/adamczewski\/wp-json\/wp\/v2\/comments?post=13288"}],"version-history":[{"count":7,"href":"https:\/\/blog.polityka.pl\/adamczewski\/wp-json\/wp\/v2\/posts\/13288\/revisions"}],"predecessor-version":[{"id":13302,"href":"https:\/\/blog.polityka.pl\/adamczewski\/wp-json\/wp\/v2\/posts\/13288\/revisions\/13302"}],"wp:attachment":[{"href":"https:\/\/blog.polityka.pl\/adamczewski\/wp-json\/wp\/v2\/media?parent=13288"}],"wp:term":[{"taxonomy":"category","embeddable":true,"href":"https:\/\/blog.polityka.pl\/adamczewski\/wp-json\/wp\/v2\/categories?post=13288"},{"taxonomy":"post_tag","embeddable":true,"href":"https:\/\/blog.polityka.pl\/adamczewski\/wp-json\/wp\/v2\/tags?post=13288"}],"curies":[{"name":"wp","href":"https:\/\/api.w.org\/{rel}","templated":true}]}}