
{"id":13296,"date":"2014-10-07T07:00:47","date_gmt":"2014-10-07T05:00:47","guid":{"rendered":"http:\/\/adamczewski.blog.polityka.pl\/?p=13296"},"modified":"2014-10-03T11:58:34","modified_gmt":"2014-10-03T09:58:34","slug":"nie-przemijajaca-madrosc-lejzorka-rojtszwanca","status":"publish","type":"post","link":"https:\/\/blog.polityka.pl\/adamczewski\/2014\/10\/07\/nie-przemijajaca-madrosc-lejzorka-rojtszwanca\/","title":{"rendered":"Nieprzemijaj\u0105ca m\u0105dro\u015b\u0107 Lejzorka Rojtszwanca"},"content":{"rendered":"<p>Niewielu zapewne Czytelnik\u00f3w bloga wie, kto to taki \u00f3w Lejzorek. Polecam im wi\u0119c lektur\u0119 wspania\u0142ej ksi\u0105\u017cki Ili Erenburga &#8211; &#8222;Burzliwe \u017cycie Lejzorka Rojtszwanca&#8221; &#8211; kt\u00f3ra pozwoli im zrozumie\u0107, na czym polega r\u00f3\u017cnica mi\u0119dzy demokracj\u0105 a demokracja ludow\u0105. W dodatku przyswoj\u0105 sobie par\u0119 m\u0105dro\u015bci \u017cydowskich, bez kt\u00f3rych trudno zrozumie\u0107 i dzisiejsze czasy.<br \/>\n<!--more--><br \/>\nPami\u0119taj\u0105c powiedzenie Lejzorka, \u017ce je\u015bli zwalniaj\u0105, to znaczy, \u017ce b\u0119d\u0105 przyjmowa\u0107 i nieco je modyfikuj\u0105c, pisz\u0105c o zamykanych i likwidowanych sto\u0142ecznych bazarach i targowiskach by\u0142em przekonany, \u017ce wkr\u00f3tce powstan\u0105 nowe place targowe pozwalaj\u0105ce warszawiakom robi\u0107 w mie\u015bcie zakupy. No i zn\u00f3w przekona\u0142em si\u0119 o tym, jak m\u0105drym pisarzem by\u0142 Erenburg, a jego bohater przetrwa\u0142 kolejne zakr\u0119ty ustrojowe, by trafnie prorokowa\u0107 i dzi\u015b.<\/p>\n<p>Oto przed paroma tygodniami otwarto nowy bazar na Mokotowie przy ul. Olkuskiej. Ulokowano go w hali dawnego warsztatu samochodowego, tu\u017c przy ruchliwej Pu\u0142awskiej. Z dnia na dzie\u0144 bazar rozrasta si\u0119 i wabi smakoszy nowymi stoiskami z przer\u00f3\u017cnymi pyszno\u015bciami. Mo\u017cna tu kupi\u0107 \u015bwietne pieczywo, doskona\u0142e sery, w\u0119dliny, mi\u0119sa, warzywa, a nawet znakomite wina.<\/p>\n<div id=\"attachment_13291\" style=\"width: 293px\" class=\"wp-caption aligncenter\"><a href=\"\/wp-content\/uploads\/2014\/10\/olkuska-PRW20140627_16.jpg\"><img loading=\"lazy\" decoding=\"async\" aria-describedby=\"caption-attachment-13291\" src=\"\/wp-content\/uploads\/2014\/10\/olkuska-PRW20140627_16.jpg\" alt=\"fot. Przemek Wierzchowski\/Agencja Gazet\" width=\"283\" height=\"189\" class=\"size-full wp-image-13291\" \/><\/a><p id=\"caption-attachment-13291\" class=\"wp-caption-text\">fot. Przemek Wierzchowski\/Agencja Gazet<\/p><\/div>\n<p>Jeszcze nie ma t\u0142oku przy Olkuskiej, ale my\u015bl\u0119, \u017ce wkr\u00f3tce zag\u0119\u015bci si\u0119 od mokotowskiej klienteli. Zw\u0142aszcza \u017ce tutejsi sprzedawcy wyr\u00f3\u017cniaj\u0105 si\u0119 spo\u015br\u00f3d handlowc\u00f3w funkcjonuj\u0105cych na innych bazarach tym, \u017ce doskonale znaj\u0105 si\u0119 na sprzedawanych produktach i potrafi\u0105 o nich ze swad\u0105 opowiada\u0107. Wizyta na bazarku przy Olkuskiej to nie tylko zakupy wysokiej jako\u015bci produkt\u00f3w, ale tak\u017ce mo\u017cliwo\u015b\u0107 podj\u0119cia ciekawej rozmowy. A c\u00f3\u017c mo\u017ce by\u0107 ciekawszego ni\u017c rozmowy o pysznym jedzeniu!<\/p>\n","protected":false},"excerpt":{"rendered":"<p>Niewielu zapewne Czytelnik\u00f3w bloga wie, kto to taki \u00f3w Lejzorek. Polecam im wi\u0119c lektur\u0119 wspania\u0142ej ksi\u0105\u017cki Ili Erenburga &#8211; &#8222;Burzliwe \u017cycie Lejzorka Rojtszwanca&#8221; &#8211; kt\u00f3ra pozwoli im zrozumie\u0107, na czym polega r\u00f3\u017cnica mi\u0119dzy demokracj\u0105 a demokracja ludow\u0105. W dodatku przyswoj\u0105 sobie par\u0119 m\u0105dro\u015bci \u017cydowskich, bez kt\u00f3rych trudno zrozumie\u0107 i dzisiejsze czasy.<\/p>\n","protected":false},"author":2,"featured_media":0,"comment_status":"open","ping_status":"closed","sticky":false,"template":"","format":"standard","meta":{"footnotes":""},"categories":[1],"tags":[],"_links":{"self":[{"href":"https:\/\/blog.polityka.pl\/adamczewski\/wp-json\/wp\/v2\/posts\/13296"}],"collection":[{"href":"https:\/\/blog.polityka.pl\/adamczewski\/wp-json\/wp\/v2\/posts"}],"about":[{"href":"https:\/\/blog.polityka.pl\/adamczewski\/wp-json\/wp\/v2\/types\/post"}],"author":[{"embeddable":true,"href":"https:\/\/blog.polityka.pl\/adamczewski\/wp-json\/wp\/v2\/users\/2"}],"replies":[{"embeddable":true,"href":"https:\/\/blog.polityka.pl\/adamczewski\/wp-json\/wp\/v2\/comments?post=13296"}],"version-history":[{"count":5,"href":"https:\/\/blog.polityka.pl\/adamczewski\/wp-json\/wp\/v2\/posts\/13296\/revisions"}],"predecessor-version":[{"id":13303,"href":"https:\/\/blog.polityka.pl\/adamczewski\/wp-json\/wp\/v2\/posts\/13296\/revisions\/13303"}],"wp:attachment":[{"href":"https:\/\/blog.polityka.pl\/adamczewski\/wp-json\/wp\/v2\/media?parent=13296"}],"wp:term":[{"taxonomy":"category","embeddable":true,"href":"https:\/\/blog.polityka.pl\/adamczewski\/wp-json\/wp\/v2\/categories?post=13296"},{"taxonomy":"post_tag","embeddable":true,"href":"https:\/\/blog.polityka.pl\/adamczewski\/wp-json\/wp\/v2\/tags?post=13296"}],"curies":[{"name":"wp","href":"https:\/\/api.w.org\/{rel}","templated":true}]}}