
{"id":13408,"date":"2014-10-28T07:00:20","date_gmt":"2014-10-28T06:00:20","guid":{"rendered":"http:\/\/adamczewski.blog.polityka.pl\/?p=13408"},"modified":"2014-10-20T16:04:46","modified_gmt":"2014-10-20T14:04:46","slug":"za-oknem-rojno-i-gwarno","status":"publish","type":"post","link":"https:\/\/blog.polityka.pl\/adamczewski\/2014\/10\/28\/za-oknem-rojno-i-gwarno\/","title":{"rendered":"Za oknem rojno i gwarno"},"content":{"rendered":"<p>Na dworze ch\u0142odno, cho\u0107 s\u0142onecznie. Wok\u00f3\u0142 krzew\u00f3w i drzew rojno i gwarno. Wprawdzie s\u00f3jki i sroki, kt\u00f3re wyra\u017anie p\u0142oszy\u0142y mniejsze ptaszki, gdzie\u015b znikn\u0119\u0142y, ale zast\u0105pi\u0142y je w\u0142a\u015bnie te ruchliwe i g\u0142o\u015bne drobiazgi potrafi\u0105ce chodzi\u0107 po pniach modrzewi czy sosen z g\u0142\u00f3wkami skierowanymi w d\u00f3\u0142 i ogonkami w g\u00f3r\u0119, co wygl\u0105da do\u015b\u0107 \u015bmiesznie. <\/p>\n<p>Przy tym w\u0119drowaniu wydaj\u0105 z siebie d\u017awi\u0119ki, kt\u00f3re s\u0105 o niebo przyjemniejsze od skrzeczenia ich wi\u0119kszych kuzyn\u00f3w.<!--more--><div id=\"attachment_13411\" style=\"width: 630px\" class=\"wp-caption aligncenter\"><a href=\"\/wp-content\/uploads\/2014\/10\/Sikorka-_fot-Stanislaw-Kowalczuk_East-News.jpg\"><img loading=\"lazy\" decoding=\"async\" aria-describedby=\"caption-attachment-13411\" src=\"\/wp-content\/uploads\/2014\/10\/Sikorka-_fot-Stanislaw-Kowalczuk_East-News-1024x799.jpg\" alt=\"Fot. East News\" width=\"620\" height=\"483\" class=\"size-large wp-image-13411\" \/><\/a><p id=\"caption-attachment-13411\" class=\"wp-caption-text\">Fot. East News<\/p><\/div>Obserwacja sikorek (na fot.), rudzik\u00f3w, mazurk\u00f3w czy pliszek jest wielk\u0105 frajd\u0105. Ju\u017c dzi\u015b my\u015bl\u0119 o tym, jak zorganizowa\u0107 ich sto\u0142\u00f3wk\u0119, kt\u00f3ra b\u0119dzie czynna przez ca\u0142\u0105 zim\u0119.<\/p>\n<p>Nie zawsze jednak ludzie traktowali te drobne stworzenia tak przyja\u017anie. Oto dow\u00f3d, jak dla ludzkiej rozrywki dr\u0119czono skrzydlat\u0105 drobnic\u0119.<\/p>\n<p>&#8222;Zr\u00f3b trumn\u0119 [z kruchego ciasta] na wielki pier\u00f3g lub pasztet. Na dnie wytnij otw\u00f3r wielko\u015bci pi\u0119\u015bci lub wi\u0119kszy pod\u0142ug uznania. Niech brzegi trumny b\u0119d\u0105 nieco wy\u017csze ni\u017c zwyk\u0142ych pierog\u00f3w. Nasyp do pe\u0142na m\u0105ki i upiecz, a po upieczeniu ods\u0142o\u0144 otw\u00f3r w dnie i pozb\u0105d\u017a si\u0119 m\u0105ki. Nast\u0119pnie, maj\u0105c placek wielko\u015bci otworu w dnie trumny, o kt\u00f3rej by\u0142a mowa, w\u0142\u00f3\u017c go do niej, przedtem wk\u0142adaj\u0105c do \u015brodka \u017cywych ptaszk\u00f3w ile si\u0119 zmie\u015bci, i zalep. Ma to by\u0107 zrobione tu\u017c przed podaniem pieroga na st\u00f3\u0142 i wyeksponowaniem przed go\u015b\u0107mi: tam, po otwarciu lub przekrojeniu wielkiej g\u00f3rnej cz\u0119\u015bci placka, wszystkie ptaki wylec\u0105, co jest zachwycaj\u0105cym i mi\u0142ym pokazem dla kompanii. A\u017ceby wszystko wygl\u0105da\u0142o naturalnie, rozetnij r\u00f3wnie\u017c ma\u0142y placek&#8221;.<\/p>\n<p>Z dalszych opis\u00f3w wynika, \u017ce nie wszystkie tak potraktowane ptaszki prze\u017cywa\u0142y \u00f3w biesiadny eksperyment.<\/p>\n","protected":false},"excerpt":{"rendered":"<p>Na dworze ch\u0142odno, cho\u0107 s\u0142onecznie. Wok\u00f3\u0142 krzew\u00f3w i drzew rojno i gwarno. Wprawdzie s\u00f3jki i sroki, kt\u00f3re wyra\u017anie p\u0142oszy\u0142y mniejsze ptaszki, gdzie\u015b znikn\u0119\u0142y, ale zast\u0105pi\u0142y je w\u0142a\u015bnie te ruchliwe i g\u0142o\u015bne drobiazgi potrafi\u0105ce chodzi\u0107 po pniach modrzewi czy sosen z g\u0142\u00f3wkami skierowanymi w d\u00f3\u0142 i ogonkami w g\u00f3r\u0119, co wygl\u0105da do\u015b\u0107 \u015bmiesznie. Przy tym w\u0119drowaniu [&hellip;]<\/p>\n","protected":false},"author":2,"featured_media":0,"comment_status":"open","ping_status":"closed","sticky":false,"template":"","format":"standard","meta":{"footnotes":""},"categories":[1],"tags":[],"_links":{"self":[{"href":"https:\/\/blog.polityka.pl\/adamczewski\/wp-json\/wp\/v2\/posts\/13408"}],"collection":[{"href":"https:\/\/blog.polityka.pl\/adamczewski\/wp-json\/wp\/v2\/posts"}],"about":[{"href":"https:\/\/blog.polityka.pl\/adamczewski\/wp-json\/wp\/v2\/types\/post"}],"author":[{"embeddable":true,"href":"https:\/\/blog.polityka.pl\/adamczewski\/wp-json\/wp\/v2\/users\/2"}],"replies":[{"embeddable":true,"href":"https:\/\/blog.polityka.pl\/adamczewski\/wp-json\/wp\/v2\/comments?post=13408"}],"version-history":[{"count":6,"href":"https:\/\/blog.polityka.pl\/adamczewski\/wp-json\/wp\/v2\/posts\/13408\/revisions"}],"predecessor-version":[{"id":13413,"href":"https:\/\/blog.polityka.pl\/adamczewski\/wp-json\/wp\/v2\/posts\/13408\/revisions\/13413"}],"wp:attachment":[{"href":"https:\/\/blog.polityka.pl\/adamczewski\/wp-json\/wp\/v2\/media?parent=13408"}],"wp:term":[{"taxonomy":"category","embeddable":true,"href":"https:\/\/blog.polityka.pl\/adamczewski\/wp-json\/wp\/v2\/categories?post=13408"},{"taxonomy":"post_tag","embeddable":true,"href":"https:\/\/blog.polityka.pl\/adamczewski\/wp-json\/wp\/v2\/tags?post=13408"}],"curies":[{"name":"wp","href":"https:\/\/api.w.org\/{rel}","templated":true}]}}