
{"id":13732,"date":"2014-12-11T07:00:15","date_gmt":"2014-12-11T06:00:15","guid":{"rendered":"http:\/\/adamczewski.blog.polityka.pl\/?p=13732"},"modified":"2014-12-09T13:01:30","modified_gmt":"2014-12-09T12:01:30","slug":"polowanie-na-lasiczke","status":"publish","type":"post","link":"https:\/\/blog.polityka.pl\/adamczewski\/2014\/12\/11\/polowanie-na-lasiczke\/","title":{"rendered":"Polowanie na \u0142asiczk\u0119"},"content":{"rendered":"<p>Tylko prosz\u0119 si\u0119 nie denerwowa\u0107. Polowanie by\u0142o bezkrwawe, bo nie jestem my\u015bliwym. Nie \u015bciga\u0142em te\u017c z narz\u0119dziem zbrodni znanego dziennikarza radia TOK FM Cezarego \u0141asiczki. Z tym ostatnim \u0142\u0105czy mnie bowiem ni\u0107 sympatii od czas\u00f3w, gdy red. \u0141asiczka prowadzi\u0142 ze mn\u0105 d\u0142ugie rozmowy kulinarne.<br \/>\n<!--more--><br \/>\nDzisiejszy tytu\u0142 zosta\u0142 wywo\u0142any przez Adama Wajraka, kt\u00f3ry zamie\u015bci\u0142 w &#8222;Gazecie Wyborczej&#8221; przepi\u0119kne zdj\u0119cia zwierz\u0105t i ptak\u00f3w, &#8222;upolowanych&#8221; obiektywem swego aparatu. Najbardziej podoba\u0142y mi si\u0119 dwa: cudowna niebieskawa s\u00f3wka siedz\u0105ca na czubku ga\u0142\u0105zki \u015bwierka i \u0142asiczka, kt\u00f3ra na zim\u0119 zmieni\u0142a kolor futerka i ca\u0142kiem bia\u0142a na tle bez\u015bnie\u017cnego lasu jest widoczna nie tylko dla fotograf\u00f3w, ale i dla swych wrog\u00f3w, czyli lis\u00f3w czy jastrz\u0119bi.<\/p>\n<p>Postanowi\u0142em wi\u0119c, \u017ce podczas ostatniej tegorocznej wyprawy na wie\u015b, kt\u00f3rej celem s\u0105 oczywi\u015bcie jajka na \u015bwi\u0105teczne wypieki, te\u017c porozgl\u0105dam si\u0119 za czworono\u017cnymi i skrzydlatymi s\u0105siadami. W Puszczy Bia\u0142ej, na skraju kt\u00f3rej stoi m\u00f3j dom, jest zwierz\u0105t i ptak\u00f3w mn\u00f3stwo. Z niekt\u00f3rymi spotykam si\u0119 na co dzie\u0144, gdy przez wiele miesi\u0119cy w\u00a0roku mieszkam na wsi. Widuj\u0119 wi\u0119c i \u0142asiczki, kt\u00f3re ganiaj\u0105 czasem po moim dachu, szukaj\u0105c dziurki, by wcisn\u0105\u0107 si\u0119 nad moj\u0105 g\u0142ow\u0119 i za\u0142o\u017cy\u0107 tam w\u0142asny dom. W tym czasie te \u015bliczne zwierz\u0105tka s\u0105 br\u0105zowe i trudno je wypatrzy\u0107. Dlatego tak chcia\u0142em spotka\u0107 je teraz, gdy i u mnie nie ma jeszcze \u015bniegu, a s\u0105siadki ju\u017c zbiela\u0142y.<\/p>\n<p>Niestety, nie uda\u0142o si\u0119. Spotka\u0142em za to lisa, kt\u00f3ry \u015bmign\u0105\u0142 tak szybko, \u017ce nie zd\u0105\u017cy\u0142em nawet uruchomi\u0107 aparatu. Z daleka, na skraju lasu, pas\u0142o si\u0119 stadko saren, a w poprzek \u0142\u0105k, mi\u0119dzy \u0141\u0119cinem a Kruczym Borkiem, majestatycznie kroczy\u0142 \u0142o\u015b. Mog\u0142em wi\u0119c zwierz\u0119cym s\u0105siadom z\u0142o\u017cy\u0107 \u015bwi\u0105teczne \u017cyczenia. A na bia\u0142\u0105 \u0142asiczk\u0119 zapoluj\u0119 w przysz\u0142ym roku, gdy przyjad\u0119 do Puszczy na kilka dni, a nie na par\u0119 godzin.<\/p>\n<p>Zapas jajek, g\u0142\u00f3wny cel wyprawy, zosta\u0142 w pe\u0142ni zrealizowany. Kolejna podr\u00f3\u017c wi\u0119c odb\u0119dzie si\u0119 ju\u017c po Nowym Roku.<\/p>\n<p>A tu moje spotkania z przyrod\u0105 sprzed paru miesi\u0119cy:<\/p>\n<p><div id=\"attachment_13730\" style=\"width: 630px\" class=\"wp-caption aligncenter\"><a href=\"\/wp-content\/uploads\/2014\/12\/Piskl\u0119-\u017c\u00f3\u0142todzi\u00f3b-P6300051.jpg\"><img loading=\"lazy\" decoding=\"async\" aria-describedby=\"caption-attachment-13730\" src=\"\/wp-content\/uploads\/2014\/12\/Piskl\u0119-\u017c\u00f3\u0142todzi\u00f3b-P6300051-1024x768.jpg\" alt=\"Nawet nie wiem, co to za piskl\u0119. Pr\u00f3by utrzymania go przy \u017cyciu nie powiod\u0142y si\u0119.\" width=\"620\" height=\"465\" class=\"size-large wp-image-13730\" \/><\/a><p id=\"caption-attachment-13730\" class=\"wp-caption-text\">Nawet nie wiem, co to za piskl\u0119. Pr\u00f3by utrzymania go przy \u017cyciu nie powiod\u0142y si\u0119.<\/p><\/div><div id=\"attachment_13729\" style=\"width: 460px\" class=\"wp-caption aligncenter\"><a href=\"\/wp-content\/uploads\/2014\/12\/Jelonek-w-\u0141\u0119cinie.jpg\"><img loading=\"lazy\" decoding=\"async\" aria-describedby=\"caption-attachment-13729\" src=\"\/wp-content\/uploads\/2014\/12\/Jelonek-w-\u0141\u0119cinie.jpg\" alt=\"Ten kozio\u0142ek ju\u017c by\u0142 przedstawiany na blogu.\" width=\"450\" height=\"351\" class=\"size-full wp-image-13729\" \/><\/a><p id=\"caption-attachment-13729\" class=\"wp-caption-text\">Ten kozio\u0142ek ju\u017c by\u0142 przedstawiany na blogu.<\/p><\/div><div id=\"attachment_13737\" style=\"width: 630px\" class=\"wp-caption aligncenter\"><a href=\"\/wp-content\/uploads\/2014\/12\/\u0141ab\u0119dzie-w-Konstancinie.jpg\"><img loading=\"lazy\" decoding=\"async\" aria-describedby=\"caption-attachment-13737\" src=\"\/wp-content\/uploads\/2014\/12\/\u0141ab\u0119dzie-w-Konstancinie-1024x768.jpg\" alt=\"\u0141ab\u0119dzica z dzie\u0107mi.\" width=\"620\" height=\"465\" class=\"size-large wp-image-13737\" \/><\/a><p id=\"caption-attachment-13737\" class=\"wp-caption-text\">\u0141ab\u0119dzica z dzie\u0107mi<\/p><\/div><div id=\"attachment_13736\" style=\"width: 630px\" class=\"wp-caption aligncenter\"><a href=\"\/wp-content\/uploads\/2014\/12\/Kaczki-w-Konstancinie.jpg\"><img loading=\"lazy\" decoding=\"async\" aria-describedby=\"caption-attachment-13736\" src=\"\/wp-content\/uploads\/2014\/12\/Kaczki-w-Konstancinie-1024x768.jpg\" alt=\"Dumnie p\u0142yn\u0105cy kaczor\" width=\"620\" height=\"465\" class=\"size-large wp-image-13736\" \/><\/a><p id=\"caption-attachment-13736\" class=\"wp-caption-text\">Dumnie p\u0142yn\u0105cy kaczor<\/p><\/div><\/p>\n","protected":false},"excerpt":{"rendered":"<p>Tylko prosz\u0119 si\u0119 nie denerwowa\u0107. Polowanie by\u0142o bezkrwawe, bo nie jestem my\u015bliwym. Nie \u015bciga\u0142em te\u017c z narz\u0119dziem zbrodni znanego dziennikarza radia TOK FM Cezarego \u0141asiczki. Z tym ostatnim \u0142\u0105czy mnie bowiem ni\u0107 sympatii od czas\u00f3w, gdy red. \u0141asiczka prowadzi\u0142 ze mn\u0105 d\u0142ugie rozmowy kulinarne.<\/p>\n","protected":false},"author":2,"featured_media":0,"comment_status":"open","ping_status":"closed","sticky":false,"template":"","format":"standard","meta":{"footnotes":""},"categories":[1],"tags":[],"_links":{"self":[{"href":"https:\/\/blog.polityka.pl\/adamczewski\/wp-json\/wp\/v2\/posts\/13732"}],"collection":[{"href":"https:\/\/blog.polityka.pl\/adamczewski\/wp-json\/wp\/v2\/posts"}],"about":[{"href":"https:\/\/blog.polityka.pl\/adamczewski\/wp-json\/wp\/v2\/types\/post"}],"author":[{"embeddable":true,"href":"https:\/\/blog.polityka.pl\/adamczewski\/wp-json\/wp\/v2\/users\/2"}],"replies":[{"embeddable":true,"href":"https:\/\/blog.polityka.pl\/adamczewski\/wp-json\/wp\/v2\/comments?post=13732"}],"version-history":[{"count":6,"href":"https:\/\/blog.polityka.pl\/adamczewski\/wp-json\/wp\/v2\/posts\/13732\/revisions"}],"predecessor-version":[{"id":13734,"href":"https:\/\/blog.polityka.pl\/adamczewski\/wp-json\/wp\/v2\/posts\/13732\/revisions\/13734"}],"wp:attachment":[{"href":"https:\/\/blog.polityka.pl\/adamczewski\/wp-json\/wp\/v2\/media?parent=13732"}],"wp:term":[{"taxonomy":"category","embeddable":true,"href":"https:\/\/blog.polityka.pl\/adamczewski\/wp-json\/wp\/v2\/categories?post=13732"},{"taxonomy":"post_tag","embeddable":true,"href":"https:\/\/blog.polityka.pl\/adamczewski\/wp-json\/wp\/v2\/tags?post=13732"}],"curies":[{"name":"wp","href":"https:\/\/api.w.org\/{rel}","templated":true}]}}