
{"id":138,"date":"2007-01-31T08:00:22","date_gmt":"2007-01-31T07:00:22","guid":{"rendered":"http:\/\/adamczewski.blog.polityka.pl\/?p=138"},"modified":"2007-01-30T10:27:21","modified_gmt":"2007-01-30T09:27:21","slug":"zgadnij-co-gotujemy-25","status":"publish","type":"post","link":"https:\/\/blog.polityka.pl\/adamczewski\/2007\/01\/31\/zgadnij-co-gotujemy-25\/","title":{"rendered":"Zgadnij co gotujemy? (25)"},"content":{"rendered":"<p>\u0106wier\u0107 setki razy (czyli srebrne wesele) rozwi\u0105zywali\u015bcie moje quizy kulinarne. 23 ksi\u0105\u017cki, kt\u00f3re wysz\u0142y spod r\u0119ki zespo\u0142u pisarskiego rodziny Adamczewskich i jeden przyrz\u0105d do mieszania zi\u00f3\u0142 zaprojektowany przez Jaimiego Olivera pow\u0119drowa\u0142y do zwyci\u0119zc\u00f3w. Dzi\u015b po raz kolejny proponuj\u0119 t\u0119 zgaduj-zgadul\u0119, a nagrod\u0105 za prawid\u0142owe trzy odpowiedzi b\u0119dzie ksi\u0105\u017cka wydana przez Nowy \u015awiat, zatytu\u0142owana &#8222;Krwawa historia smaku&#8221;. To najnowsze moje &#8222;dziecko&#8221;.<\/p>\n<p>Oto pytania:<br \/>\n1 &#8211; Jak nazywa si\u0119 wybitny kompozytor oper, kt\u00f3ry zas\u0142yn\u0105\u0142 tak\u017ce jako wspania\u0142y mistrz kuchni i uznawany jest za tw\u00f3rc\u0119 bitej \u015bmietany oraz turnedo z truflami (danie to nosi jego nazwisko)?<br \/>\n2 &#8211; Wielki pisarz, kt\u00f3ry by\u0142 r\u00f3wnie wielkim \u017car\u0142okiem, zrobi\u0142 spory interes na handlu pralinkami oraz ocali\u0142 od zapomnienia wiele da\u0144 francuskiej kuchni opisuj\u0105c je dok\u0142adnie w swym wielotomowym cyklu znanym jako &#8222;Komedia ludzka&#8221; to:<br \/>\n3 &#8211; Jednym z najwi\u0119kszych paryskich smakoszy XX wieku by\u0142 pianista z  \u0141odzi, niezr\u00f3wnany odtw\u00f3rca utwor\u00f3w Chopina, a placek malinowy podawany w jego domu powala\u0142 na kolana mistrz\u00f3w cukiernictwa. O kim mowa?<br \/>\nTrzy prawid\u0142owe odpowiedzi i to najszybciej przys\u0142ane na adres: <a href=\"mailto:internet@polityka.com.pl\">internet@polityka.com.pl  <\/a>b\u0119d\u0105 nagrodzone ksi\u0105\u017ck\u0105 z dedykacj\u0105 i autografem autora. Czekam!<\/p>\n","protected":false},"excerpt":{"rendered":"<p>\u0106wier\u0107 setki razy (czyli srebrne wesele) rozwi\u0105zywali\u015bcie moje quizy kulinarne. 23 ksi\u0105\u017cki, kt\u00f3re wysz\u0142y spod r\u0119ki zespo\u0142u pisarskiego rodziny Adamczewskich i jeden przyrz\u0105d do mieszania zi\u00f3\u0142 zaprojektowany przez Jaimiego Olivera pow\u0119drowa\u0142y do zwyci\u0119zc\u00f3w. Dzi\u015b po raz kolejny proponuj\u0119 t\u0119 zgaduj-zgadul\u0119, a nagrod\u0105 za prawid\u0142owe trzy odpowiedzi b\u0119dzie ksi\u0105\u017cka wydana przez Nowy \u015awiat, zatytu\u0142owana &#8222;Krwawa historia [&hellip;]<\/p>\n","protected":false},"author":2,"featured_media":0,"comment_status":"open","ping_status":"open","sticky":false,"template":"","format":"standard","meta":{"footnotes":""},"categories":[1],"tags":[],"_links":{"self":[{"href":"https:\/\/blog.polityka.pl\/adamczewski\/wp-json\/wp\/v2\/posts\/138"}],"collection":[{"href":"https:\/\/blog.polityka.pl\/adamczewski\/wp-json\/wp\/v2\/posts"}],"about":[{"href":"https:\/\/blog.polityka.pl\/adamczewski\/wp-json\/wp\/v2\/types\/post"}],"author":[{"embeddable":true,"href":"https:\/\/blog.polityka.pl\/adamczewski\/wp-json\/wp\/v2\/users\/2"}],"replies":[{"embeddable":true,"href":"https:\/\/blog.polityka.pl\/adamczewski\/wp-json\/wp\/v2\/comments?post=138"}],"version-history":[{"count":0,"href":"https:\/\/blog.polityka.pl\/adamczewski\/wp-json\/wp\/v2\/posts\/138\/revisions"}],"wp:attachment":[{"href":"https:\/\/blog.polityka.pl\/adamczewski\/wp-json\/wp\/v2\/media?parent=138"}],"wp:term":[{"taxonomy":"category","embeddable":true,"href":"https:\/\/blog.polityka.pl\/adamczewski\/wp-json\/wp\/v2\/categories?post=138"},{"taxonomy":"post_tag","embeddable":true,"href":"https:\/\/blog.polityka.pl\/adamczewski\/wp-json\/wp\/v2\/tags?post=138"}],"curies":[{"name":"wp","href":"https:\/\/api.w.org\/{rel}","templated":true}]}}