
{"id":13811,"date":"2014-12-24T07:00:37","date_gmt":"2014-12-24T06:00:37","guid":{"rendered":"http:\/\/adamczewski.blog.polityka.pl\/?p=13811"},"modified":"2014-12-27T17:09:56","modified_gmt":"2014-12-27T16:09:56","slug":"13811","status":"publish","type":"post","link":"https:\/\/blog.polityka.pl\/adamczewski\/2014\/12\/24\/13811\/","title":{"rendered":"\u015awi\u0105teczne \u017cyczenia"},"content":{"rendered":"<p><!--more--><\/p>\n<p><a href=\"\/wp-content\/uploads\/2014\/12\/\u0141\u0119cino-zima-2012-B.jpg\"><img loading=\"lazy\" decoding=\"async\" class=\"aligncenter size-medium wp-image-13814\" src=\"\/wp-content\/uploads\/2014\/12\/\u0141\u0119cino-zima-2012-B-300x225.jpg\" alt=\"OLYMPUS DIGITAL CAMERA\" width=\"300\" height=\"225\" srcset=\"\/adamczewski\/wp-content\/uploads\/2014\/12\/\u0141\u0119cino-zima-2012-B-300x225.jpg 300w, \/adamczewski\/wp-content\/uploads\/2014\/12\/\u0141\u0119cino-zima-2012-B-1024x768.jpg 1024w\" sizes=\"(max-width: 300px) 100vw, 300px\" \/><\/a><\/p>\n<p>Ks. Jan Twardowski<\/p>\n<p><strong>Bo\u017ce Narodzenie<\/strong><\/p>\n<p><em>Podszed\u0142 na palcach niedowiarek bo<br \/>\nkonstytucja nie zabrania do Matki Bo\u017cej.<br \/>\nM\u00f3wi\u0142 do Niej &#8211; tak nam si\u0119 wszystko popl\u0105ta\u0142o<br \/>\npartia przy ko\u0144cu zbarania\u0142a<br \/>\nniech Ci\u0119 za r\u0119k\u0119 cho\u0107 potrzymam<br \/>\nw Noc Szcz\u0119\u015bliwego Rozwi\u0105zania<\/em><\/p>\n<p>(1983)<\/p>\n<p>Po tych strofach wybitnego poety mog\u0119 tylko doda\u0107, \u017ce wszystkim \u017cycz\u0119 (Basia do\u0142\u0105cza si\u0119) Weso\u0142ych \u015awi\u0105t i wielu (zgodnie z tradycj\u0105 &#8211; 12) smacznych da\u0144.<\/p>\n<p>Do zobaczenia jeszcze przed Sylwestrem!<\/p>\n","protected":false},"excerpt":{"rendered":"","protected":false},"author":2,"featured_media":0,"comment_status":"open","ping_status":"closed","sticky":false,"template":"","format":"standard","meta":{"footnotes":""},"categories":[1],"tags":[],"_links":{"self":[{"href":"https:\/\/blog.polityka.pl\/adamczewski\/wp-json\/wp\/v2\/posts\/13811"}],"collection":[{"href":"https:\/\/blog.polityka.pl\/adamczewski\/wp-json\/wp\/v2\/posts"}],"about":[{"href":"https:\/\/blog.polityka.pl\/adamczewski\/wp-json\/wp\/v2\/types\/post"}],"author":[{"embeddable":true,"href":"https:\/\/blog.polityka.pl\/adamczewski\/wp-json\/wp\/v2\/users\/2"}],"replies":[{"embeddable":true,"href":"https:\/\/blog.polityka.pl\/adamczewski\/wp-json\/wp\/v2\/comments?post=13811"}],"version-history":[{"count":7,"href":"https:\/\/blog.polityka.pl\/adamczewski\/wp-json\/wp\/v2\/posts\/13811\/revisions"}],"predecessor-version":[{"id":13874,"href":"https:\/\/blog.polityka.pl\/adamczewski\/wp-json\/wp\/v2\/posts\/13811\/revisions\/13874"}],"wp:attachment":[{"href":"https:\/\/blog.polityka.pl\/adamczewski\/wp-json\/wp\/v2\/media?parent=13811"}],"wp:term":[{"taxonomy":"category","embeddable":true,"href":"https:\/\/blog.polityka.pl\/adamczewski\/wp-json\/wp\/v2\/categories?post=13811"},{"taxonomy":"post_tag","embeddable":true,"href":"https:\/\/blog.polityka.pl\/adamczewski\/wp-json\/wp\/v2\/tags?post=13811"}],"curies":[{"name":"wp","href":"https:\/\/api.w.org\/{rel}","templated":true}]}}