
{"id":13889,"date":"2015-01-05T07:00:47","date_gmt":"2015-01-05T06:00:47","guid":{"rendered":"http:\/\/adamczewski.blog.polityka.pl\/?p=13889"},"modified":"2015-01-06T14:52:26","modified_gmt":"2015-01-06T13:52:26","slug":"migdalowy-krol","status":"publish","type":"post","link":"https:\/\/blog.polityka.pl\/adamczewski\/2015\/01\/05\/migdalowy-krol\/","title":{"rendered":"Migda\u0142owy Kr\u00f3l"},"content":{"rendered":"<p>Jutro \u015bwi\u0119to Trzech Kr\u00f3li. Dzi\u015b ju\u017c ma\u0142o kto (i raczej na wsi ni\u017c w mie\u015bcie) obchodzi to \u015bwi\u0119to weso\u0142o i uroczy\u015bcie. To tylko kartka w kalendarzu wydrukowana na czerwono, czyli dzie\u0144 wolny od pracy.<\/p>\n<p>Bywa te\u017c gdzieniegdzie, \u017ce domownicy zasiadaj\u0105 do nieco bardziej wyrafinowanego obiadu ni\u017c zwykle. A jeszcze nie tak dawno by\u0142o to wyj\u0105tkowo radosne \u015bwi\u0119to. Mia\u0142o ono tak\u017ce wp\u0142yw na ca\u0142y dopiero rozpoczynaj\u0105cy si\u0119 karnawa\u0142.<br \/>\n<!--more--><br \/>\nPisze na ten temat Barbara Ogrodowska w swej ksi\u0119dze zatytu\u0142owanej &#8222;\u015awi\u0119ta polskie&#8221;:\u00a0W salonach i salonikach miejskich i na dworach, w wiecz\u00f3r Trzech Kr\u00f3li bawiono si\u0119 w wybory kr\u00f3la migda\u0142owego. Zabawa ta znana by\u0142a i popularna w wielu krajach Europy zachodniej m.in. we Francji i w Anglii. Ta &#8222;zagraniczna moda&#8221; przyj\u0119\u0142a si\u0119 tak\u017ce i w Polsce, ale g\u0142\u00f3w\u00adnie w\u015br\u00f3d inteligencji. W elekcji &#8222;kr\u00f3la migda\u0142owego&#8221; po\u00admocne bywa\u0142y specjalne ciasta, a g\u0142\u00f3wnie tzw. &#8222;ciasta roga\u00adte&#8221;, czyli s\u0142odkie ro\u017cki. Osoba kt\u00f3ra znalaz\u0142a w swym roga\u00adliku migda\u0142, obwo\u0142ywana zosta\u0142a &#8222;kr\u00f3lem migda\u0142owym&#8221; i cz\u0119sto w splendorze tego tytu\u0142u chodzi\u0142a a\u017c do ko\u0144ca kar\u00adnawa\u0142u.<\/p>\n<p>W ten sam spos\u00f3b odbywa\u0142a si\u0119 niekiedy elekcja &#8222;kr\u00f3\u00adlowej migda\u0142owej&#8221;. Para kr\u00f3lewska spotykaj\u0105ca si\u0119 z wielkim aplauzem zebranych mia\u0142a rozliczne obowi\u0105zki towa\u00adrzyskie. Spoczywa\u0142y one zw\u0142aszcza na &#8222;kr\u00f3lu migda\u0142owym&#8221;, kt\u00f3ry musia\u0142 umie\u0107 zabawia\u0107 go\u015bci, a zw\u0142aszcza obecne na spotkaniu damy, organizowa\u0107 rozrywki, ta\u0144ce, salonowe gry towarzyskie itp.<\/p>\n<p>Zabawy w &#8222;kr\u00f3la migda\u0142owego&#8221; odbywaj\u0105 si\u0119 jeszcze w niekt\u00f3rych domach, ale nale\u017c\u0105 ju\u017c do rzadko\u015bci i zawsze bywaj\u0105 skromne. Urz\u0105dza si\u0119 je g\u0142\u00f3wnie ku uciesze dzieci, dla kt\u00f3rych poszukiwanie migda\u0142\u00f3w w ciastkach i pozyska\u00adnie tytu\u0142u &#8222;kr\u00f3la migda\u0142owego&#8221; to du\u017ce emocje i rado\u015b\u0107.<\/p>\n<p><a href=\"\/wp-content\/uploads\/2015\/01\/rogalikiDSCN0520.jpg\"><img loading=\"lazy\" decoding=\"async\" class=\"aligncenter size-large wp-image-13893\" src=\"\/wp-content\/uploads\/2015\/01\/rogalikiDSCN0520-1024x678.jpg\" alt=\"rogalikiDSCN0520\" width=\"620\" height=\"410\" srcset=\"\/adamczewski\/wp-content\/uploads\/2015\/01\/rogalikiDSCN0520-1024x678.jpg 1024w, \/adamczewski\/wp-content\/uploads\/2015\/01\/rogalikiDSCN0520-300x198.jpg 300w, \/adamczewski\/wp-content\/uploads\/2015\/01\/rogalikiDSCN0520.jpg 1500w\" sizes=\"(max-width: 620px) 100vw, 620px\" \/><\/a>Nasze domowe dzieci ju\u017c wydoro\u015bla\u0142y i zabaw\u0119 w Migda\u0142owego Kr\u00f3la pewnie by wy\u015bmia\u0142y. My te\u017c nie szykujemy si\u0119 do nadmiernie szalonego karnawa\u0142u. Ograniczymy si\u0119 wi\u0119c tylko do smacznego obiadu, na kt\u00f3rym na deser b\u0119d\u0105 lubiane przez wszystkich rogaliki z konfiturami wi\u015bniowymi i r\u00f3\u017canymi. W jednym z nich &#8211; by tradycji sta\u0142o si\u0119 zado\u015b\u0107 &#8211; b\u0119dzie podsma\u017cony na suchej patelni migda\u0142.<\/p>\n<p><em>Fot. P. Adamczewski<\/em><\/p>\n","protected":false},"excerpt":{"rendered":"<p>Jutro \u015bwi\u0119to Trzech Kr\u00f3li. Dzi\u015b ju\u017c ma\u0142o kto (i raczej na wsi ni\u017c w mie\u015bcie) obchodzi to \u015bwi\u0119to weso\u0142o i uroczy\u015bcie. To tylko kartka w kalendarzu wydrukowana na czerwono, czyli dzie\u0144 wolny od pracy. Bywa te\u017c gdzieniegdzie, \u017ce domownicy zasiadaj\u0105 do nieco bardziej wyrafinowanego obiadu ni\u017c zwykle. A jeszcze nie tak dawno by\u0142o to wyj\u0105tkowo [&hellip;]<\/p>\n","protected":false},"author":2,"featured_media":0,"comment_status":"open","ping_status":"closed","sticky":false,"template":"","format":"standard","meta":{"footnotes":""},"categories":[1],"tags":[],"_links":{"self":[{"href":"https:\/\/blog.polityka.pl\/adamczewski\/wp-json\/wp\/v2\/posts\/13889"}],"collection":[{"href":"https:\/\/blog.polityka.pl\/adamczewski\/wp-json\/wp\/v2\/posts"}],"about":[{"href":"https:\/\/blog.polityka.pl\/adamczewski\/wp-json\/wp\/v2\/types\/post"}],"author":[{"embeddable":true,"href":"https:\/\/blog.polityka.pl\/adamczewski\/wp-json\/wp\/v2\/users\/2"}],"replies":[{"embeddable":true,"href":"https:\/\/blog.polityka.pl\/adamczewski\/wp-json\/wp\/v2\/comments?post=13889"}],"version-history":[{"count":6,"href":"https:\/\/blog.polityka.pl\/adamczewski\/wp-json\/wp\/v2\/posts\/13889\/revisions"}],"predecessor-version":[{"id":13910,"href":"https:\/\/blog.polityka.pl\/adamczewski\/wp-json\/wp\/v2\/posts\/13889\/revisions\/13910"}],"wp:attachment":[{"href":"https:\/\/blog.polityka.pl\/adamczewski\/wp-json\/wp\/v2\/media?parent=13889"}],"wp:term":[{"taxonomy":"category","embeddable":true,"href":"https:\/\/blog.polityka.pl\/adamczewski\/wp-json\/wp\/v2\/categories?post=13889"},{"taxonomy":"post_tag","embeddable":true,"href":"https:\/\/blog.polityka.pl\/adamczewski\/wp-json\/wp\/v2\/tags?post=13889"}],"curies":[{"name":"wp","href":"https:\/\/api.w.org\/{rel}","templated":true}]}}