
{"id":13949,"date":"2015-01-09T07:00:22","date_gmt":"2015-01-09T06:00:22","guid":{"rendered":"http:\/\/adamczewski.blog.polityka.pl\/?p=13949"},"modified":"2015-01-08T23:14:22","modified_gmt":"2015-01-08T22:14:22","slug":"stroje-balowe-czyli-zelazny-piecyk-2","status":"publish","type":"post","link":"https:\/\/blog.polityka.pl\/adamczewski\/2015\/01\/09\/stroje-balowe-czyli-zelazny-piecyk-2\/","title":{"rendered":"Stroje balowe, czyli \u017celazny piecyk"},"content":{"rendered":"<p>Niegdysiejszych bal\u00f3w ju\u017c nie ma. Zdarzaj\u0105 si\u0119 jednak jeszcze tu i \u00f3wdzie w karnawale zabawy w domach prywatnych, a tak\u017ce r\u00f3\u017cnych lokalach grupuj\u0105cych pewne \u015brodowiska pod ca\u0142kiem czasem zabawnymi has\u0142ami.<br \/>\n<!--more--><br \/>\nNawet nasze blogowe kole\u017canki organizowa\u0142y spotkania bia\u0142e, fioletowe &#8211; zmuszaj\u0105ce uczestniczki do wymy\u015blenia stosownego stroju. Tytu\u0142owe barwy obowi\u0105zywa\u0142y tak\u017ce na stole. Biel lub fiolet musia\u0142y dominowa\u0107 i w potrawach. To \u015bwietny pomys\u0142 godny na\u015bladowania.<\/p>\n<p>W ubieg\u0142ym wieku, zw\u0142aszcza w okresie mi\u0119dzywojennym, z takich pomys\u0142\u00f3w s\u0142yn\u0119li literaci (najcz\u0119\u015bciej byli to Skamandryci gromadz\u0105cy si\u0119 na pi\u0119terku w Ziemia\u0144skiej) lub malarze. Organizowane przez nich bale gromadzi\u0142y snobistyczne towarzystwo Warszawy, a o zaproszenia by\u0142o bardzo trudno.<\/p>\n<p>Cz\u0119sto owe bale ko\u0144czy\u0142y si\u0119 mniejszymi b\u0105d\u017a wi\u0119kszymi skandalami, o kt\u00f3rych jak\u017ce ch\u0119tnie rozpisywa\u0142a si\u0119 prasa, plotkuj\u0105c co niemiara (cho\u0107 przecie\u017c nie by\u0142o jeszcze &#8222;Faktu&#8221; i &#8222;Superekspresu&#8221;). Jeden z g\u0142o\u015bniejszych skandali wywo\u0142a\u0142 Jaros\u0142aw Iwaszkiewicz, przychodz\u0105c na bal w stroju z pere\u0142, pod kt\u00f3rym poeta by\u0142 w stroju Adama, czyli ca\u0142kiem nagi. P\u00f3\u017aniej Iwaszkiewicz &#8211; gdy sta\u0142 si\u0119 ju\u017c nestorem polskiej prozy i poezji &#8211; wyja\u015bnia\u0142, \u017ce nagi mia\u0142 tylko tors i ramiona. Ale ci, kt\u00f3rzy na owym balu byli, podtrzymuj\u0105 informacj\u0119 o goli\u017anie p\u00f3\u017aniejszego prezesa Zwi\u0105zku Literat\u00f3w Polskich. Prawd\u0119 m\u00f3wi\u0105c &#8211; trudno mi sobie wyobrazi\u0107 dostojnego pisarza ze Stawiska pl\u0105saj\u0105cego nago na sali balowej.<\/p>\n<p>Drugi g\u0142o\u015bny skandal w karnawale w latach dwudziestych wywo\u0142a\u0142 student malarstwa, kt\u00f3ry przystroi\u0142 si\u0119 w \u017celazny piecyk, czyli tzw. koz\u0119. Drzwiczki piecyka wypada\u0142y mu na plecach w miejscu, gdzie plecy ko\u0144cz\u0105 sw\u0105 szlachetn\u0105 nazw\u0119. Na drzwiczkach widnia\u0142a kartka z napisem: NIE OTWIERA\u0106! &#8211; co powodowa\u0142o oczywi\u015bcie, \u017ce wielu uczestnik\u00f3w balu drzwiczki otwiera\u0142o, by jak najszybciej je zamkn\u0105\u0107. Zamkni\u0119ty w piecyku student bowiem nie mia\u0142 na sobie bielizny. Skandal by\u0142 tak g\u0142o\u015bny i opisany, \u017ce zrekompensowa\u0142 on zapewne biedakowi cierpienia, jakie musia\u0142 przysporzy\u0107 mu \u00f3w metalowy kostium.<\/p>\n<p>Wydaje mi si\u0119, \u017ce dzi\u015b ani jeden, ani drugi str\u00f3j nie wzbudzi\u0142by sensacji, a mo\u017ce nawet zainteresowania. Do takiego wniosku dochodz\u0119, patrz\u0105c na zdj\u0119cia pa\u0144 w sukniach przygotowywanych na r\u00f3\u017cne uroczysto\u015bci wr\u0119czania r\u00f3\u017cnorakich nagr\u00f3d. Doda\u0107 musz\u0119, \u017ce przygl\u0105dam im si\u0119 zupe\u0142nie bez oburzenia.<\/p>\n<div id=\"attachment_13945\" style=\"width: 630px\" class=\"wp-caption aligncenter\"><a href=\"\/wp-content\/uploads\/2015\/01\/Szwedzki-stol.jpg\"><img loading=\"lazy\" decoding=\"async\" aria-describedby=\"caption-attachment-13945\" src=\"\/wp-content\/uploads\/2015\/01\/Szwedzki-stol-1024x681.jpg\" alt=\"Przy stole zawsze panuje t\u0142ok. Fot. Wojtek Laski\/East News\" width=\"620\" height=\"412\" class=\"size-large wp-image-13945\" srcset=\"\/adamczewski\/wp-content\/uploads\/2015\/01\/Szwedzki-stol-1024x681.jpg 1024w, \/adamczewski\/wp-content\/uploads\/2015\/01\/Szwedzki-stol-300x199.jpg 300w\" sizes=\"(max-width: 620px) 100vw, 620px\" \/><\/a><p id=\"caption-attachment-13945\" class=\"wp-caption-text\">Przy stole zawsze panuje t\u0142ok. Fot. Wojtek Laski\/East News<\/p><\/div>\n<p>Na koniec kilka zda\u0144 o balowym menu. Najs\u0142ynniejsze bale z dystyngowanym towarzystwem odbywa\u0142y si\u0119 przed wojn\u0105 w siedzibie prezydenta. By\u0142y tam &#8211; jak mo\u017cna przeczyta\u0107 w licznych wspomnieniach &#8211; przyj\u0119cia na stoj\u0105co z obficie zastawionymi sto\u0142ami. Nie od razu jednak mo\u017cna by\u0142o si\u0119gn\u0105\u0107 po przek\u0105ski czy pieczyste. <\/p>\n<p>Ale gdy kamerdynerzy otwierali drzwi do sali jadalnej, go\u015bcie zapominali o swych arystokratycznych manierach i ruszali do szturmu, rozpychaj\u0105c si\u0119 \u0142okciami. Ten obyczaj przetrwa\u0142 do dzisiaj. I to jest jeden z powod\u00f3w, dla kt\u00f3rych nie chodz\u0119 na imprezy ko\u0144cz\u0105ce si\u0119 przy szwedzkim stole. Widok sapi\u0105cych i walcz\u0105cych o schab czy udko ba\u017canta rzekomo kulturalnych ludzi odstrasza mnie definitywnie.<\/p>\n<p>A teraz w\u0142a\u015bnie rozpocz\u0105\u0142 si\u0119 sezon walk gladiator\u00f3w o mi\u0119sne lub s\u0142odkie trofea. Smacznego!<\/p>\n","protected":false},"excerpt":{"rendered":"<p>Niegdysiejszych bal\u00f3w ju\u017c nie ma. Zdarzaj\u0105 si\u0119 jednak jeszcze tu i \u00f3wdzie w karnawale zabawy w domach prywatnych, a tak\u017ce r\u00f3\u017cnych lokalach grupuj\u0105cych pewne \u015brodowiska pod ca\u0142kiem czasem zabawnymi has\u0142ami.<\/p>\n","protected":false},"author":2,"featured_media":0,"comment_status":"open","ping_status":"closed","sticky":false,"template":"","format":"standard","meta":{"footnotes":""},"categories":[1],"tags":[],"_links":{"self":[{"href":"https:\/\/blog.polityka.pl\/adamczewski\/wp-json\/wp\/v2\/posts\/13949"}],"collection":[{"href":"https:\/\/blog.polityka.pl\/adamczewski\/wp-json\/wp\/v2\/posts"}],"about":[{"href":"https:\/\/blog.polityka.pl\/adamczewski\/wp-json\/wp\/v2\/types\/post"}],"author":[{"embeddable":true,"href":"https:\/\/blog.polityka.pl\/adamczewski\/wp-json\/wp\/v2\/users\/2"}],"replies":[{"embeddable":true,"href":"https:\/\/blog.polityka.pl\/adamczewski\/wp-json\/wp\/v2\/comments?post=13949"}],"version-history":[{"count":5,"href":"https:\/\/blog.polityka.pl\/adamczewski\/wp-json\/wp\/v2\/posts\/13949\/revisions"}],"predecessor-version":[{"id":13956,"href":"https:\/\/blog.polityka.pl\/adamczewski\/wp-json\/wp\/v2\/posts\/13949\/revisions\/13956"}],"wp:attachment":[{"href":"https:\/\/blog.polityka.pl\/adamczewski\/wp-json\/wp\/v2\/media?parent=13949"}],"wp:term":[{"taxonomy":"category","embeddable":true,"href":"https:\/\/blog.polityka.pl\/adamczewski\/wp-json\/wp\/v2\/categories?post=13949"},{"taxonomy":"post_tag","embeddable":true,"href":"https:\/\/blog.polityka.pl\/adamczewski\/wp-json\/wp\/v2\/tags?post=13949"}],"curies":[{"name":"wp","href":"https:\/\/api.w.org\/{rel}","templated":true}]}}