
{"id":14,"date":"2006-08-11T10:36:36","date_gmt":"2006-08-11T08:36:36","guid":{"rendered":"http:\/\/adamczewski.blog.polityka.pl\/?p=14"},"modified":"2006-08-11T10:40:17","modified_gmt":"2006-08-11T08:40:17","slug":"nakarmic-anglika","status":"publish","type":"post","link":"https:\/\/blog.polityka.pl\/adamczewski\/2006\/08\/11\/nakarmic-anglika\/","title":{"rendered":"Nakarmi\u0107 Anglika"},"content":{"rendered":"<p>Kilka dni temu otrzyma\u0142em list z Instytutu Kultury Polskiej w Londynie, kt\u00f3ry planuje zorganizowanie studyjnej podr\u00f3\u017cy po Polsce angielskich krytyk\u00f3w kulinarnych. Poproszono mnie o konsultacje w tej kwestii. Anglicy maj\u0105 sp\u0119dzi\u0107 w naszym pi\u0119knym kraju pi\u0119\u0107 dni i w tym kr\u00f3tkim czasie powinni rozsmakowa\u0107 si\u0119 polskich daniach tak, by z entuzjazmem o nich pisali w swych gazetach i tygodnikach.<\/p>\n<p>Przewidziano te\u017c tras\u0119 podr\u00f3\u017cy, kt\u00f3ra rozpocznie si\u0119 w Warszawie i b\u0119dzie prowadzi\u0107 przez Podlasie do Puszczy Bia\u0142owieskiej a potem w d\u00f3\u0142 mapy, czyli do Krakowa.<\/p>\n<p>Drugim elementem podr\u00f3\u017cy\u00a0&#8211; poza odwiedzaniem restauracji\u00a0&#8211; maj\u0105 by\u0107 wizyty u producent\u00f3w doskona\u0142ych (a przy tym nieznanych w Wielkiej Brytanii) polskich wyrob\u00f3w spo\u017cywczych.<\/p>\n<p>Po g\u0142\u0119bokim namy\u015ble, si\u0119gni\u0119ciu do notatek od\u015bwie\u017caj\u0105cych pami\u0119\u0107 smaku potraw zjadanych w najodleglejszych a mi\u0142ych zak\u0105tkach i wsparciu si\u0119 przewodnikami, sporz\u0105dzi\u0142em list\u0119 adres\u00f3w. Przedstawiam j\u0105 wszystkim Czytelnikom z my\u015bl\u0105, \u017ce przy okazji zechc\u0105 tam wst\u0105pi\u0107, by sprawdzi\u0107 czy m\u00f3j wyb\u00f3r by\u0142 trafny.<\/p>\n<p>A jeszcze by\u0142o by lepiej by\u015bcie Kochani t\u0119 list\u0119 uzupe\u0142nili o swoje propozycje, nieznane a dobre adresy, podali pomini\u0119te przeze mnie potrawy, kt\u00f3re Anglikom koniecznie ale to koniecznie nale\u017cy poda\u0107 i.t.p, i.t.d.<\/p>\n<p>S\u0142owem stw\u00f3rzmy razem przewodnik kulinarny po Polsce, z kt\u00f3rego tak\u017ce i my, tutejsi smakosze, b\u0119dziemy mogli korzysta\u0107.<\/p>\n<p>Wyruszamy wi\u0119c z Warszawy na p\u00f3\u0142nocny wsch\u00f3d.<\/p>\n<p><strong>#<\/strong> W drodze do Bia\u0142egostoku Karczma Rzym w Kiermusach <a href=\"http:\/\/www.dworek.com.pl\/\">www.dworek.com.pl<\/a><\/p>\n<p>Malowniczo po\u0142o\u017cona , wewn\u0105trz bibeloty z dwork\u00f3w sarmackich, jest te\u017c do obejrzenia zamczysko. Produkty w\u0142asne: kie\u0142basa, bigos, smalec, zupa grzybowa, schab faszerowany kurkami w z sosem borowikowym, jagni\u0119 z pieca, lin w \u015bmietanie z grzybami, ba\u017canty.<\/p>\n<p><strong>#<\/strong> Restauracja Carska w Bia\u0142owie\u017cy <a href=\"http:\/\/www.restauracjacarska.pl\/\">www.restauracjacarska.pl<\/a> \u00a0<\/p>\n<p>Mo\u017cna tu zje\u015b\u0107 pasztet z dziczyzny z ja\u0142owcem i marynowanymi owocami, pielmieni z farszem rybnym i mi\u0119snym, pieczony jesiotr na rydzach, pol\u0119dwica z jelenia z domowymi kluskami, marynowana szynka z dzika w czerwonym winie.<\/p>\n<p><strong>#<\/strong> Tatarskie Jad\u0142o w Kruszynianach tel. (0 85) 710 8460<\/p>\n<p>We wsi Tatar\u00f3w polskich rodzina tatarska prowadzi restauracj\u0119 ulokowan\u0105 w pobli\u017cu meczetu. Podaj\u0105 w niej ko\u0142duny w rosole, kiszk\u0119 ziemniaczan\u0105 i babk\u0119 ziemniaczan\u0105 oraz pierekaczewnik czyli rodzaj strudla z mi\u0119sem lub serem.<\/p>\n<p><strong>#<\/strong> Tejsza w Tykocinie tel.(085) 7187750 <a href=\"http:\/\/tejsza.restauracja.w.interia.pl\/\">tejsza.restauracja.w.interia.pl<\/a> \u00a0<\/p>\n<p>W tej restauracji podaj\u0105 dania \u017cydowskie: gulasz z m\u0142odej wo\u0142owiny na s\u0142odko z warzywami, kreplech piero\u017cki z mi\u0119sem i cebulk\u0105, kugel\u00a0&#8211; babka ziemniaczan.<\/p>\n<p><strong>W Warszawie:<\/strong><\/p>\n<p><strong>#<\/strong> Restauracja Polska R\u00f3\u017cana <a href=\"http:\/\/www.restauracjapolska.com.pl\/\">www.restauracjapolska.com.pl<\/a> tel. (022)8481225 ul. Chocimska 7<\/p>\n<p>Najlepsza kuchnia polska w Warszawie, pi\u0119kny wystr\u00f3j i naj\u0142adniejszy ogr\u00f3d. Dania popisowe to: borowiki z patelni, zrazy Radziwi\u0142\u0142owskie.<\/p>\n<p><strong># <\/strong>Dom Polski <a href=\"http:\/\/www.restauracjadompolski.pl\/\">www.restauracjadompolski.pl<\/a> ul. Francuska 11 tel. (022) 6162488<\/p>\n<p>Wystr\u00f3j i kuchnia jak w dworku u herbowego wuja. Doskona\u0142e pasztety, ryby w galarecie, placki ziemniaczane z \u0142ososiem, \u017cur z prawdziwkami.<\/p>\n<p><strong># <\/strong>Siedem Grzech\u00f3w ul. Krakowskie Przedmie\u015bcie 45 tel. (022) 8264770<\/p>\n<p>Wystr\u00f3j warszawski ale przedwojenny. Zje\u015b\u0107 trzeba przede wszystkim tatara z pol\u0119dwicy, podsma\u017can\u0105 kaszank\u0119, sarnin\u0119, szarlotk\u0119 na gor\u0105co.<\/p>\n<p><strong>W Krakowie:<\/strong><\/p>\n<p><strong># <\/strong>Wierzynek <a href=\"http:\/\/www.wierzynek.pl\/\">www.wierzynek.pl<\/a> Rynek G\u0142\u00f3wny 15 tel. (12) 4249600<\/p>\n<p>Najstarsza restauracja Krakowa po latach zapa\u015bci wraca do dobrego poziomu. Dania staropolskie.<\/p>\n<p><strong># <\/strong>Restauracja Copernicus ul. Kanonicza 16 tel. (12) 4243400<\/p>\n<p>Jest tu danie rzadkie &#8211; wspania\u0142a grasica ciel\u0119ca z grzybami, a tak\u017ce pyszne: kr\u00f3lik z rozmarynem i \u0142oso\u015b ba\u0142tycki w jarzynach.<\/p>\n<p><strong># <\/strong>Pod Anio\u0142ami <a href=\"http:\/\/www.podaniolami.pl\/\">www.podaniolami.pl<\/a> ul.Grodzka 35 tel. (12) 4213999<\/p>\n<p>To ulubiona knajpka i Krakus\u00f3w i przybysz\u00f3w z przebrzyd\u0142ej Warszawy. Ale nawet ci ostatni zachwycaj\u0105 si\u0119 takimi daniami jak pierogi ruskie i wszelkie inne, pstr\u0105g po pastersku, ros\u00f3\u0142 z kurz\u0105 n\u00f3\u017ck\u0105, oscypek z rusztu ze \u015bliwkami.<\/p>\n<p>***\u00a0<\/p>\n<p>Producenci ch\u0119tnie przyjmuj\u0105cy go\u015bci to :<\/p>\n<p><strong># <\/strong>Autor rewelacyjnych nalewek Karol Majewski Staropolskie Nalewki w \u0141omiankach pod Warszaw\u0105 <a href=\"http:\/\/www.nalewki.pl\/\">www.nalewki.pl<\/a> <a href=\"mailto:nalewki@nalewki.pl\">nalewki@nalewki.pl<\/a><\/p>\n<p><strong># <\/strong>Producent najlepszych miod\u00f3w pitnych Maciej Jaros w Tomaszowie <a href=\"http:\/\/www.pasiekajaros.pl\/\">www.pasiekajaros.pl<\/a> \u00a0jaros@pasiekajaros.pl<\/p>\n<p>I nalewki i miody pitne s\u0105 w \u015bwiecie nieznane. Ich produkcja jest bardzo interesuj\u0105ca, a producenci to uroczy i ciekawi ludzie.<\/p>\n<p>A teraz gdzie jedziemy, co jemy i czym popijamy?<\/p>\n","protected":false},"excerpt":{"rendered":"<p>Kilka dni temu otrzyma\u0142em list z Instytutu Kultury Polskiej w Londynie, kt\u00f3ry planuje zorganizowanie studyjnej podr\u00f3\u017cy po Polsce angielskich krytyk\u00f3w kulinarnych. Poproszono mnie o konsultacje w tej kwestii. Anglicy maj\u0105 sp\u0119dzi\u0107 w naszym pi\u0119knym kraju pi\u0119\u0107 dni i w tym kr\u00f3tkim czasie powinni rozsmakowa\u0107 si\u0119 polskich daniach tak, by z entuzjazmem o nich pisali w [&hellip;]<\/p>\n","protected":false},"author":2,"featured_media":0,"comment_status":"open","ping_status":"open","sticky":false,"template":"","format":"standard","meta":{"footnotes":""},"categories":[1],"tags":[],"_links":{"self":[{"href":"https:\/\/blog.polityka.pl\/adamczewski\/wp-json\/wp\/v2\/posts\/14"}],"collection":[{"href":"https:\/\/blog.polityka.pl\/adamczewski\/wp-json\/wp\/v2\/posts"}],"about":[{"href":"https:\/\/blog.polityka.pl\/adamczewski\/wp-json\/wp\/v2\/types\/post"}],"author":[{"embeddable":true,"href":"https:\/\/blog.polityka.pl\/adamczewski\/wp-json\/wp\/v2\/users\/2"}],"replies":[{"embeddable":true,"href":"https:\/\/blog.polityka.pl\/adamczewski\/wp-json\/wp\/v2\/comments?post=14"}],"version-history":[{"count":0,"href":"https:\/\/blog.polityka.pl\/adamczewski\/wp-json\/wp\/v2\/posts\/14\/revisions"}],"wp:attachment":[{"href":"https:\/\/blog.polityka.pl\/adamczewski\/wp-json\/wp\/v2\/media?parent=14"}],"wp:term":[{"taxonomy":"category","embeddable":true,"href":"https:\/\/blog.polityka.pl\/adamczewski\/wp-json\/wp\/v2\/categories?post=14"},{"taxonomy":"post_tag","embeddable":true,"href":"https:\/\/blog.polityka.pl\/adamczewski\/wp-json\/wp\/v2\/tags?post=14"}],"curies":[{"name":"wp","href":"https:\/\/api.w.org\/{rel}","templated":true}]}}