
{"id":1416,"date":"2008-01-11T15:58:00","date_gmt":"2008-01-11T15:58:00","guid":{"rendered":"http:\/\/adamczewscy.pl\/?p=1416"},"modified":"2008-01-11T15:58:00","modified_gmt":"2008-01-11T15:58:00","slug":"duszona-kalarepa","status":"publish","type":"post","link":"https:\/\/blog.polityka.pl\/adamczewski\/2008\/01\/11\/duszona-kalarepa\/","title":{"rendered":"Duszona kalarepa"},"content":{"rendered":"<p>3 kalarepy, 3 marchewki (\u015brednie), cukinia (ok. 30 dag),<br \/>\n3 \u0142y\u017cki mas\u0142a lub margaryny, 1\/2 szklanki roso\u0142u z kostki, 2 \u0142y\u017cki posiekanego koperku, cukier, s\u00f3l, pieprz<\/p>\n<p>Kalarepy pokroi\u0107 w kostk\u0119, marchew w grube plasterki, a cukini\u0119 w kawa\u0142ki. Na t\u0142uszcz na patelni wrzuci\u0107 kalarep\u0119 i marchew. Sma\u017cy\u0107 5 minut. Zala\u0107 bulionem i dusi\u0107 10 minut. Doda\u0107 cukini\u0119, s\u00f3l, pieprz i cukier. Dusi\u0107 5 minut. Posypa\u0107 koperkiem.<\/p>\n","protected":false},"excerpt":{"rendered":"<p>3 kalarepy, 3 marchewki (\u015brednie), cukinia (ok. 30 dag), 3 \u0142y\u017cki mas\u0142a lub margaryny, 1\/2 szklanki roso\u0142u z kostki, 2 \u0142y\u017cki posiekanego koperku, cukier, s\u00f3l, pieprz Kalarepy pokroi\u0107 w kostk\u0119, marchew w grube plasterki, a cukini\u0119 w kawa\u0142ki. Na t\u0142uszcz na patelni wrzuci\u0107 kalarep\u0119 i marchew. Sma\u017cy\u0107 5 minut. Zala\u0107 bulionem i dusi\u0107 10 minut. [&hellip;]<\/p>\n","protected":false},"author":2,"featured_media":0,"comment_status":"open","ping_status":"open","sticky":false,"template":"","format":"standard","meta":{"footnotes":""},"categories":[1],"tags":[],"_links":{"self":[{"href":"https:\/\/blog.polityka.pl\/adamczewski\/wp-json\/wp\/v2\/posts\/1416"}],"collection":[{"href":"https:\/\/blog.polityka.pl\/adamczewski\/wp-json\/wp\/v2\/posts"}],"about":[{"href":"https:\/\/blog.polityka.pl\/adamczewski\/wp-json\/wp\/v2\/types\/post"}],"author":[{"embeddable":true,"href":"https:\/\/blog.polityka.pl\/adamczewski\/wp-json\/wp\/v2\/users\/2"}],"replies":[{"embeddable":true,"href":"https:\/\/blog.polityka.pl\/adamczewski\/wp-json\/wp\/v2\/comments?post=1416"}],"version-history":[{"count":0,"href":"https:\/\/blog.polityka.pl\/adamczewski\/wp-json\/wp\/v2\/posts\/1416\/revisions"}],"wp:attachment":[{"href":"https:\/\/blog.polityka.pl\/adamczewski\/wp-json\/wp\/v2\/media?parent=1416"}],"wp:term":[{"taxonomy":"category","embeddable":true,"href":"https:\/\/blog.polityka.pl\/adamczewski\/wp-json\/wp\/v2\/categories?post=1416"},{"taxonomy":"post_tag","embeddable":true,"href":"https:\/\/blog.polityka.pl\/adamczewski\/wp-json\/wp\/v2\/tags?post=1416"}],"curies":[{"name":"wp","href":"https:\/\/api.w.org\/{rel}","templated":true}]}}