
{"id":1417,"date":"2009-12-30T08:00:55","date_gmt":"2009-12-30T07:00:55","guid":{"rendered":"http:\/\/adamczewski.blog.polityka.pl\/?p=1417"},"modified":"2009-12-11T12:32:20","modified_gmt":"2009-12-11T11:32:20","slug":"zgadnij-co-gotujemy17-b","status":"publish","type":"post","link":"https:\/\/blog.polityka.pl\/adamczewski\/2009\/12\/30\/zgadnij-co-gotujemy17-b\/","title":{"rendered":"Zgadnij co gotujemy(17 B)"},"content":{"rendered":"<p><a href=\"\/wp-content\/uploads\/2009\/12\/w-treviso-p7250106.jpg\"><img loading=\"lazy\" decoding=\"async\" class=\"aligncenter size-full wp-image-1419\" title=\"w-treviso-p7250106\" src=\"\/wp-content\/uploads\/2009\/12\/w-treviso-p7250106.jpg\" alt=\"\" width=\"395\" height=\"306\" \/><\/a><\/p>\n<p><em>Siedzimy nad jednym z kana\u0142\u00f3w miasta, kt\u00f3re konkuruje z Wenecj\u0105<\/em><\/p>\n<p>Dzi\u015b ostatnia zgadywanka w starym roku. To mo\u017ce i pytania winny by\u0107 stare czyli raz ju\u017c zadane? No nie, wystarczy, \u017ce pisz\u0105cy te s\u0142owa za chwil\u0119 b\u0119dzie jeszcze starszy! Pytania b\u0119d\u0105 wi\u0119c ca\u0142kiem nowe a i nagroda nieu\u017cywana. Tym razem to ksi\u0105\u017cka z serii &#8222;Podr\u00f3\u017ce marze\u0144\u00a0 W\u0142ochy&#8221;. Wprawdzie wydana przed paroma laty ale do dzi\u015b nieodpiecz\u0119towana. A oto pytania:<\/p>\n<p>1\u00a0&#8211; Miasto pe\u0142ne kana\u0142\u00f3w, mostk\u00f3w, starych turbin wodnych le\u017c\u0105ce niezbyt daleko od Wenecji (cz\u0119sto nazywane drug\u0105 Wenecj\u0105) to&#8230; ?<\/p>\n<p>2\u00a0&#8211; Sk\u0105d pizza Margherita wzi\u0119\u0142a swoje imi\u0119?<\/p>\n<p>3\u00a0&#8211; Stolic\u0105 okr\u0119gu s\u0142yn\u0105cego z bia\u0142ych trufli jest&#8230; ?<\/p>\n<p>Adres wszystkim znany ale go powt\u00f3rz\u0119 <a href=\"mailto:internet@polityka.com.pl\">internet@polityka.com.pl<\/a>\u00a0 Czekam na prawid\u0142owe odpowiedzi pakuj\u0105c nagrod\u0119.<\/p>\n<p>\u00a0<\/p>\n<p>\u00a0<\/p>\n","protected":false},"excerpt":{"rendered":"<p>Siedzimy nad jednym z kana\u0142\u00f3w miasta, kt\u00f3re konkuruje z Wenecj\u0105 Dzi\u015b ostatnia zgadywanka w starym roku. To mo\u017ce i pytania winny by\u0107 stare czyli raz ju\u017c zadane? No nie, wystarczy, \u017ce pisz\u0105cy te s\u0142owa za chwil\u0119 b\u0119dzie jeszcze starszy! Pytania b\u0119d\u0105 wi\u0119c ca\u0142kiem nowe a i nagroda nieu\u017cywana. Tym razem to ksi\u0105\u017cka z serii &#8222;Podr\u00f3\u017ce [&hellip;]<\/p>\n","protected":false},"author":2,"featured_media":0,"comment_status":"open","ping_status":"open","sticky":false,"template":"","format":"standard","meta":{"footnotes":""},"categories":[1],"tags":[],"_links":{"self":[{"href":"https:\/\/blog.polityka.pl\/adamczewski\/wp-json\/wp\/v2\/posts\/1417"}],"collection":[{"href":"https:\/\/blog.polityka.pl\/adamczewski\/wp-json\/wp\/v2\/posts"}],"about":[{"href":"https:\/\/blog.polityka.pl\/adamczewski\/wp-json\/wp\/v2\/types\/post"}],"author":[{"embeddable":true,"href":"https:\/\/blog.polityka.pl\/adamczewski\/wp-json\/wp\/v2\/users\/2"}],"replies":[{"embeddable":true,"href":"https:\/\/blog.polityka.pl\/adamczewski\/wp-json\/wp\/v2\/comments?post=1417"}],"version-history":[{"count":0,"href":"https:\/\/blog.polityka.pl\/adamczewski\/wp-json\/wp\/v2\/posts\/1417\/revisions"}],"wp:attachment":[{"href":"https:\/\/blog.polityka.pl\/adamczewski\/wp-json\/wp\/v2\/media?parent=1417"}],"wp:term":[{"taxonomy":"category","embeddable":true,"href":"https:\/\/blog.polityka.pl\/adamczewski\/wp-json\/wp\/v2\/categories?post=1417"},{"taxonomy":"post_tag","embeddable":true,"href":"https:\/\/blog.polityka.pl\/adamczewski\/wp-json\/wp\/v2\/tags?post=1417"}],"curies":[{"name":"wp","href":"https:\/\/api.w.org\/{rel}","templated":true}]}}