
{"id":1418,"date":"2009-12-23T08:00:47","date_gmt":"2009-12-23T07:00:47","guid":{"rendered":"http:\/\/adamczewski.blog.polityka.pl\/?p=1418"},"modified":"2009-12-20T17:08:16","modified_gmt":"2009-12-20T16:08:16","slug":"zgadnij-co-gotujemy16-b","status":"publish","type":"post","link":"https:\/\/blog.polityka.pl\/adamczewski\/2009\/12\/23\/zgadnij-co-gotujemy16-b\/","title":{"rendered":"Zgadnij co gotujemy?(16 B)"},"content":{"rendered":"<p><a href=\"\/wp-content\/uploads\/2009\/12\/okladka-blogowa.jpg\"><img loading=\"lazy\" decoding=\"async\" class=\"aligncenter size-full wp-image-1420\" title=\"okladka-blogowa\" src=\"\/wp-content\/uploads\/2009\/12\/okladka-blogowa.jpg\" alt=\"\" width=\"261\" height=\"392\" \/><\/a><\/p>\n<p>Uczciwie wyznaj\u0119, \u017ce dzisiejsz\u0105 nagrod\u0105 jest ksi\u0105\u017cka, do kt\u00f3rej mam stosunek krytyczny. Wszelkie wydawnictwa\u00a0 g\u0142osz\u0105ce prawdy zbli\u017cone do nadprzyrodzonych budz\u0105 moj\u0105 nieufno\u015b\u0107. &#8222;Praktyczne gotowanie wed\u0142ug pi\u0119ciu przemian&#8221; Anny Czekaj wydane przez Studio Astropsychologii&#8230; co\u015b wi\u0119cej ni\u017c psychologia (ju\u017c nazwa wydawcy powoduje, \u017ce si\u0119 naje\u017cam)\u00a0 jest w\u0142a\u015bnie tak\u0105 ksi\u0105\u017ck\u0105. Ale po przejrzeniu obszernego wst\u0119pu pe\u0142nego magii, przeczyta\u0142em kilkana\u015bcie przepis\u00f3w. Wszystkie s\u0105 mi znane i robione w mojej kuchni wi\u0119c uzna\u0142em, \u017ce ksi\u0105\u017ck\u0119 mog\u0119 podarowa\u0107 z czystym sumieniem. W przepisach troch\u0119 przeszkadzaj\u0105 literki, kt\u00f3re symbolizuj\u0105 owe pi\u0119\u0107 przemian ale mo\u017cna je omija\u0107 wzrokiem. A pewnie s\u0105 i tacy, kt\u00f3rzy do owych znaczk\u00f3w b\u0119d\u0105 przywi\u0105zywa\u0107 wiele uwagi. Bardzo prosz\u0119. W zwi\u0105zku z nagrod\u0105 pytania te\u017c b\u0119d\u0105 chi\u0144skie.<\/p>\n<p>1 &#8211; Najpopularniejsza przyprawa w chi\u0144skiej kuchni (intensyfikuj\u0105ca smaki produkt\u00f3w) jest w Europie bardzo niech\u0119tnie stosowana, co to takiego?<\/p>\n<p>2 &#8211; W jakim mie\u015bcie stan\u0105\u0142\u00a0 pomnik kucharza \u015bci\u0119tego przed wiekami a potem rehabilitowanego i og\u0142oszonego \u015bwi\u0119tym patronem mistrz\u00f3w patelni?<\/p>\n<p>3\u00a0&#8211; Czy jajka stuletnie trafiaj\u0105 na talerze po stu latach le\u017cakowania w wapnie?<\/p>\n<p>Ju\u017c po wszystkim. Tylko odpowiedzi nale\u017cy wys\u0142a\u0107 na adres <a href=\"mailto:internet@polityka.com.pl\">internet@polityka.com.pl<\/a>\u00a0 i czeka\u0107 cierpliwie na poczt\u0119.<\/p>\n","protected":false},"excerpt":{"rendered":"<p>Uczciwie wyznaj\u0119, \u017ce dzisiejsz\u0105 nagrod\u0105 jest ksi\u0105\u017cka, do kt\u00f3rej mam stosunek krytyczny. Wszelkie wydawnictwa\u00a0 g\u0142osz\u0105ce prawdy zbli\u017cone do nadprzyrodzonych budz\u0105 moj\u0105 nieufno\u015b\u0107. &#8222;Praktyczne gotowanie wed\u0142ug pi\u0119ciu przemian&#8221; Anny Czekaj wydane przez Studio Astropsychologii&#8230; co\u015b wi\u0119cej ni\u017c psychologia (ju\u017c nazwa wydawcy powoduje, \u017ce si\u0119 naje\u017cam)\u00a0 jest w\u0142a\u015bnie tak\u0105 ksi\u0105\u017ck\u0105. Ale po przejrzeniu obszernego wst\u0119pu pe\u0142nego magii, [&hellip;]<\/p>\n","protected":false},"author":2,"featured_media":0,"comment_status":"open","ping_status":"open","sticky":false,"template":"","format":"standard","meta":{"footnotes":""},"categories":[1],"tags":[],"_links":{"self":[{"href":"https:\/\/blog.polityka.pl\/adamczewski\/wp-json\/wp\/v2\/posts\/1418"}],"collection":[{"href":"https:\/\/blog.polityka.pl\/adamczewski\/wp-json\/wp\/v2\/posts"}],"about":[{"href":"https:\/\/blog.polityka.pl\/adamczewski\/wp-json\/wp\/v2\/types\/post"}],"author":[{"embeddable":true,"href":"https:\/\/blog.polityka.pl\/adamczewski\/wp-json\/wp\/v2\/users\/2"}],"replies":[{"embeddable":true,"href":"https:\/\/blog.polityka.pl\/adamczewski\/wp-json\/wp\/v2\/comments?post=1418"}],"version-history":[{"count":0,"href":"https:\/\/blog.polityka.pl\/adamczewski\/wp-json\/wp\/v2\/posts\/1418\/revisions"}],"wp:attachment":[{"href":"https:\/\/blog.polityka.pl\/adamczewski\/wp-json\/wp\/v2\/media?parent=1418"}],"wp:term":[{"taxonomy":"category","embeddable":true,"href":"https:\/\/blog.polityka.pl\/adamczewski\/wp-json\/wp\/v2\/categories?post=1418"},{"taxonomy":"post_tag","embeddable":true,"href":"https:\/\/blog.polityka.pl\/adamczewski\/wp-json\/wp\/v2\/tags?post=1418"}],"curies":[{"name":"wp","href":"https:\/\/api.w.org\/{rel}","templated":true}]}}