
{"id":14275,"date":"2015-02-24T07:00:11","date_gmt":"2015-02-24T06:00:11","guid":{"rendered":"http:\/\/adamczewski.blog.polityka.pl\/?p=14275"},"modified":"2015-02-23T00:23:45","modified_gmt":"2015-02-22T23:23:45","slug":"winnice-i-roznice-miedzy-nimi","status":"publish","type":"post","link":"https:\/\/blog.polityka.pl\/adamczewski\/2015\/02\/24\/winnice-i-roznice-miedzy-nimi\/","title":{"rendered":"Winnice i r\u00f3\u017cnice (mi\u0119dzy nimi)"},"content":{"rendered":"<p>Widok winnic jest upajaj\u0105cy. Zw\u0142aszcza dla amator\u00f3w wina, kt\u00f3re za pewien czas znajdzie si\u0119 w ich kieliszkach i b\u0119dzie pochodzi\u0142o z krzew\u00f3w rosn\u0105cych przed ich oczyma.<br \/>\n<!--more--><br \/>\nWinnice s\u0105 wielce malarskie. Podobne wra\u017cenie wywieraj\u0105 na mnie tak\u017ce plantacje herbaty. Tyle tylko, \u017ce krzewy herbaciane rosn\u0105 najcz\u0119\u015bciej na podobnych terenach, a winnice s\u0105 znacznie bardziej r\u00f3\u017cnorodne krajobrazowo. <\/p>\n<p>Mo\u017cna je spotka\u0107 na w\u0105skich p\u00f3lkach skalnych w okolicach Porto, pi\u0119knie wygl\u0105daj\u0105, zieleni\u0105c si\u0119 na tle wysokich o\u015bnie\u017conych argenty\u0144skich g\u00f3r:<a href=\"\/wp-content\/uploads\/2015\/02\/argentyna-i-winnice.bmp\"><img loading=\"lazy\" decoding=\"async\" src=\"\/wp-content\/uploads\/2015\/02\/argentyna-i-winnice.bmp\" alt=\"argentyna i winnice\" width=\"1234\" height=\"823\" class=\"aligncenter size-full wp-image-14271\" \/><\/a>A tak\u017ce na \u0142agodnych zboczach cz\u0119sto zamglonych pag\u00f3r\u00f3w w okolicach Alby. W tym ostatnim przypadku nazwa szczepu daj\u0105cego barolo i barbaresco nazywa si\u0119 nebbiolo (mg\u0142a po w\u0142osku to nebbia).<a href=\"\/wp-content\/uploads\/2015\/02\/Olek-Bondonio-i-dom.jpg\"><img loading=\"lazy\" decoding=\"async\" src=\"\/wp-content\/uploads\/2015\/02\/Olek-Bondonio-i-dom-1024x768.jpg\" alt=\"OLYMPUS DIGITAL CAMERA\" width=\"620\" height=\"465\" class=\"aligncenter size-large wp-image-14274\" srcset=\"\/adamczewski\/wp-content\/uploads\/2015\/02\/Olek-Bondonio-i-dom-1024x768.jpg 1024w, \/adamczewski\/wp-content\/uploads\/2015\/02\/Olek-Bondonio-i-dom-300x225.jpg 300w\" sizes=\"(max-width: 620px) 100vw, 620px\" \/><\/a>R\u00f3wnie pi\u0119knie prezentuj\u0105 si\u0119 winnice w austriackiej dolinie Wachau, przez kt\u00f3r\u0105 toczy swe fale Dunaj:<a href=\"\/wp-content\/uploads\/2015\/02\/Winnica-w-Poysdorf-P9210437.jpg\"><img loading=\"lazy\" decoding=\"async\" src=\"\/wp-content\/uploads\/2015\/02\/Winnica-w-Poysdorf-P9210437-1024x768.jpg\" alt=\"Winnica w Poysdorf P9210437\" width=\"620\" height=\"465\" class=\"aligncenter size-large wp-image-14272\" srcset=\"\/adamczewski\/wp-content\/uploads\/2015\/02\/Winnica-w-Poysdorf-P9210437-1024x768.jpg 1024w, \/adamczewski\/wp-content\/uploads\/2015\/02\/Winnica-w-Poysdorf-P9210437-300x225.jpg 300w\" sizes=\"(max-width: 620px) 100vw, 620px\" \/><\/a>Nasz\u0142y mnie te wspomnienia, poniewa\u017c podczas przygotowa\u0144 do ostatniej wizyty przyjaci\u00f3\u0142 zauwa\u017cy\u0142em pustki w mojej piwniczce i zacz\u0105\u0142em my\u015ble\u0107, jak je zlikwidowa\u0107. Czy kupowa\u0107 nieznane mi dot\u0105d wina, o kt\u00f3rych czytam i s\u0142ysz\u0119 wiele dobrego, czy te\u017c powt\u00f3rzy\u0107 zakupy z ubieg\u0142ych lat, opieraj\u0105c si\u0119 na w\u0142asnych kubeczkach smakowych i mi\u0142o\u015bci do win z Piemontu, Puglii, Sycylii, Argentyny i Austrii? <\/p>\n<p>Zanim dotr\u0119 do w\u0142a\u015bciwego sklepu, podumam chwil\u0119 nad pi\u0119knymi widokami.<\/p>\n","protected":false},"excerpt":{"rendered":"<p>Widok winnic jest upajaj\u0105cy. Zw\u0142aszcza dla amator\u00f3w wina, kt\u00f3re za pewien czas znajdzie si\u0119 w ich kieliszkach i b\u0119dzie pochodzi\u0142o z krzew\u00f3w rosn\u0105cych przed ich oczyma.<\/p>\n","protected":false},"author":2,"featured_media":0,"comment_status":"open","ping_status":"closed","sticky":false,"template":"","format":"standard","meta":{"footnotes":""},"categories":[1],"tags":[],"_links":{"self":[{"href":"https:\/\/blog.polityka.pl\/adamczewski\/wp-json\/wp\/v2\/posts\/14275"}],"collection":[{"href":"https:\/\/blog.polityka.pl\/adamczewski\/wp-json\/wp\/v2\/posts"}],"about":[{"href":"https:\/\/blog.polityka.pl\/adamczewski\/wp-json\/wp\/v2\/types\/post"}],"author":[{"embeddable":true,"href":"https:\/\/blog.polityka.pl\/adamczewski\/wp-json\/wp\/v2\/users\/2"}],"replies":[{"embeddable":true,"href":"https:\/\/blog.polityka.pl\/adamczewski\/wp-json\/wp\/v2\/comments?post=14275"}],"version-history":[{"count":5,"href":"https:\/\/blog.polityka.pl\/adamczewski\/wp-json\/wp\/v2\/posts\/14275\/revisions"}],"predecessor-version":[{"id":14397,"href":"https:\/\/blog.polityka.pl\/adamczewski\/wp-json\/wp\/v2\/posts\/14275\/revisions\/14397"}],"wp:attachment":[{"href":"https:\/\/blog.polityka.pl\/adamczewski\/wp-json\/wp\/v2\/media?parent=14275"}],"wp:term":[{"taxonomy":"category","embeddable":true,"href":"https:\/\/blog.polityka.pl\/adamczewski\/wp-json\/wp\/v2\/categories?post=14275"},{"taxonomy":"post_tag","embeddable":true,"href":"https:\/\/blog.polityka.pl\/adamczewski\/wp-json\/wp\/v2\/tags?post=14275"}],"curies":[{"name":"wp","href":"https:\/\/api.w.org\/{rel}","templated":true}]}}