
{"id":14375,"date":"2015-03-11T07:00:21","date_gmt":"2015-03-11T06:00:21","guid":{"rendered":"http:\/\/adamczewski.blog.polityka.pl\/?p=14375"},"modified":"2015-03-10T22:41:26","modified_gmt":"2015-03-10T21:41:26","slug":"koniec-uczty-moze-byc-takze-jej-nowym-poczatkiem","status":"publish","type":"post","link":"https:\/\/blog.polityka.pl\/adamczewski\/2015\/03\/11\/koniec-uczty-moze-byc-takze-jej-nowym-poczatkiem\/","title":{"rendered":"Koniec uczty mo\u017ce by\u0107 tak\u017ce jej nowym pocz\u0105tkiem"},"content":{"rendered":"<p>Sorbet to rodzaj orze\u017awiaj\u0105cego mro\u017conego deseru, robionego z pos\u0142odzonej wody z zamro\u017conymi (najcz\u0119\u015bciej w formie soku lub puree) owocami.<br \/>\n<!--more--><br \/>\nDobrym dodatkiem do sorbetu bywa wino lub likier. Jego pochodzenie przypisuje si\u0119 napojowi z Iranu o nazwie szarbat, robionemu z pos\u0142odzonego soku owocowego i wody.<\/p>\n<div id=\"attachment_14371\" style=\"width: 630px\" class=\"wp-caption aligncenter\"><a href=\"\/wp-content\/uploads\/2015\/03\/Alta-sorbet-di-melaP3020073.jpg\"><img loading=\"lazy\" decoding=\"async\" aria-describedby=\"caption-attachment-14371\" src=\"\/wp-content\/uploads\/2015\/03\/Alta-sorbet-di-melaP3020073-1024x768.jpg\" alt=\"Sorbet di mela czyli jab\u0142kowy z restauracji St. Hubertus  w San Cassiano\" width=\"620\" height=\"465\" class=\"size-large wp-image-14371\" srcset=\"\/adamczewski\/wp-content\/uploads\/2015\/03\/Alta-sorbet-di-melaP3020073-1024x768.jpg 1024w, \/adamczewski\/wp-content\/uploads\/2015\/03\/Alta-sorbet-di-melaP3020073-300x225.jpg 300w\" sizes=\"(max-width: 620px) 100vw, 620px\" \/><\/a><p id=\"caption-attachment-14371\" class=\"wp-caption-text\">Sorbet di mela czyli jab\u0142kowy z restauracji St. Hubertus  w San Cassiano<\/p><\/div>\n<p>W eleganckich lokalach sorbety z cytrus\u00f3w bywaj\u0105 podawane wewn\u0105trz wydr\u0105\u017conych cytryn, mandarynek lub pomara\u0144czy. W Indiach i na Sri Lance przyrz\u0105dza si\u0119 sorbety z herbaty.<\/p>\n<p>Ten deser ma podw\u00f3jne znaczenie: bywa s\u0142odkim akordem podawanym na koniec obiadu czy kolacji, ale tak\u017ce dobrze dzia\u0142a na apetyt i bywa podawany w trakcie obfitej uczty, by umo\u017cliwi\u0107 jej kontynuowanie.<a href=\"\/wp-content\/uploads\/2015\/03\/Sorbet2P8110390.jpg\"><img loading=\"lazy\" decoding=\"async\" src=\"\/wp-content\/uploads\/2015\/03\/Sorbet2P8110390-1024x768.jpg\" alt=\"Sorbet2P8110390\" width=\"620\" height=\"465\" class=\"aligncenter size-large wp-image-14374\" srcset=\"\/adamczewski\/wp-content\/uploads\/2015\/03\/Sorbet2P8110390-1024x768.jpg 1024w, \/adamczewski\/wp-content\/uploads\/2015\/03\/Sorbet2P8110390-300x225.jpg 300w\" sizes=\"(max-width: 620px) 100vw, 620px\" \/><\/a><strong>Sorbet herbaciany<\/strong><br \/>\n<em>3 \u0142y\u017cki listk\u00f3w czarnej herbaty, 1 \u0142y\u017ceczka listk\u00f3w suszonej mi\u0119ty, 2 fili\u017canki mleka, 1 fili\u017canka s\u0142odkiej \u015bmietanki, 1,5 fili\u017canki cukru, 0,5 fili\u017canki soku z cytryny, 1 fili\u017canka wody<\/em><\/p>\n<p>1. Wod\u0119 zagotowa\u0107 i zala\u0107 ni\u0105 herbat\u0119 zmieszan\u0105 z mi\u0119t\u0105.<br \/>\n2. Po 10 minutach odcedzi\u0107 napar. Dola\u0107 do naparu \u015bmietank\u0119 i mleko.<br \/>\n3. Cukier wymieszany z sol\u0105 zala\u0107 sokiem z cytryny i mieszaj\u0105c, wla\u0107 wszystko do naczynia z herbat\u0105.<br \/>\n4. Dok\u0142adnie wymiesza\u0107, przela\u0107 do szklanego naczynia i wstawi\u0107 do lod\u00f3wki. Trzyma\u0107 (od czasu do czasu mieszaj\u0105c), a\u017c p\u0142yn dobrze st\u0119\u017ceje.<a href=\"\/wp-content\/uploads\/2015\/03\/Sorbet-cytrynowy.jpg\"><img loading=\"lazy\" decoding=\"async\" src=\"\/wp-content\/uploads\/2015\/03\/Sorbet-cytrynowy.jpg\" alt=\"Composition lemon sorbet served in the lemon skin and green leaves\" width=\"227\" height=\"340\" class=\"aligncenter size-full wp-image-14373\" srcset=\"\/adamczewski\/wp-content\/uploads\/2015\/03\/Sorbet-cytrynowy.jpg 227w, \/adamczewski\/wp-content\/uploads\/2015\/03\/Sorbet-cytrynowy-200x300.jpg 200w\" sizes=\"(max-width: 227px) 100vw, 227px\" \/><\/a><strong>Sorbet cytrynowy<\/strong><br \/>\n<em>8 cytryn, 25 dag cukru, 0,5 l wody, 1 bia\u0142ko<\/em><\/p>\n<p>1. Cytryny sparzy\u0107 wrz\u0105tkiem.<br \/>\n2. \u015aci\u0105\u0107 sk\u00f3rk\u0119 z trzech i posieka\u0107 j\u0105 bardzo drobno.<br \/>\n3. Wycisn\u0105\u0107 sok z wszystkich cytryn, a puste kubeczki ze sk\u00f3rek od\u0142o\u017cy\u0107.<br \/>\n4. Zagotowa\u0107 wod\u0119 z cukrem, wrzuci\u0107 do wrz\u0105tku sk\u00f3rki z cytryn i gotowa\u0107 5 minut. Zgasi\u0107 p\u0142omie\u0144, p\u0142yn wystudzi\u0107.<br \/>\n5. Ubi\u0107 na sztywno pian\u0119 z bia\u0142ka. Syrop, pian\u0119 i sok cytrynowy wymiesza\u0107 i wstawi\u0107 na noc do zamra\u017calnika.<br \/>\n6. Po wyj\u0119ciu, a przed podaniem skruszy\u0107 i utrze\u0107 w mikserze, nape\u0142ni\u0107 t\u0105 mieszank\u0105 sk\u00f3rki po cytrynach, przybra\u0107 mi\u0119t\u0105 i podawa\u0107.<\/p>\n","protected":false},"excerpt":{"rendered":"<p>Sorbet to rodzaj orze\u017awiaj\u0105cego mro\u017conego deseru, robionego z pos\u0142odzonej wody z zamro\u017conymi (najcz\u0119\u015bciej w formie soku lub puree) owocami.<\/p>\n","protected":false},"author":2,"featured_media":0,"comment_status":"open","ping_status":"closed","sticky":false,"template":"","format":"standard","meta":{"footnotes":""},"categories":[1],"tags":[],"_links":{"self":[{"href":"https:\/\/blog.polityka.pl\/adamczewski\/wp-json\/wp\/v2\/posts\/14375"}],"collection":[{"href":"https:\/\/blog.polityka.pl\/adamczewski\/wp-json\/wp\/v2\/posts"}],"about":[{"href":"https:\/\/blog.polityka.pl\/adamczewski\/wp-json\/wp\/v2\/types\/post"}],"author":[{"embeddable":true,"href":"https:\/\/blog.polityka.pl\/adamczewski\/wp-json\/wp\/v2\/users\/2"}],"replies":[{"embeddable":true,"href":"https:\/\/blog.polityka.pl\/adamczewski\/wp-json\/wp\/v2\/comments?post=14375"}],"version-history":[{"count":6,"href":"https:\/\/blog.polityka.pl\/adamczewski\/wp-json\/wp\/v2\/posts\/14375\/revisions"}],"predecessor-version":[{"id":14377,"href":"https:\/\/blog.polityka.pl\/adamczewski\/wp-json\/wp\/v2\/posts\/14375\/revisions\/14377"}],"wp:attachment":[{"href":"https:\/\/blog.polityka.pl\/adamczewski\/wp-json\/wp\/v2\/media?parent=14375"}],"wp:term":[{"taxonomy":"category","embeddable":true,"href":"https:\/\/blog.polityka.pl\/adamczewski\/wp-json\/wp\/v2\/categories?post=14375"},{"taxonomy":"post_tag","embeddable":true,"href":"https:\/\/blog.polityka.pl\/adamczewski\/wp-json\/wp\/v2\/tags?post=14375"}],"curies":[{"name":"wp","href":"https:\/\/api.w.org\/{rel}","templated":true}]}}