
{"id":14389,"date":"2015-03-13T07:00:19","date_gmt":"2015-03-13T06:00:19","guid":{"rendered":"http:\/\/adamczewski.blog.polityka.pl\/?p=14389"},"modified":"2015-03-13T13:20:25","modified_gmt":"2015-03-13T12:20:25","slug":"zaczynamy-nowy-sezon-wiejski","status":"publish","type":"post","link":"https:\/\/blog.polityka.pl\/adamczewski\/2015\/03\/13\/zaczynamy-nowy-sezon-wiejski\/","title":{"rendered":"Zaczynamy nowy sezon wiejski"},"content":{"rendered":"<p>Ju\u017c chyba nie ma ryzyka powrotu mrozu i mo\u017cna uruchomi\u0107 wodoci\u0105g. Za tydzie\u0144 wi\u0119c mistrz hydraulik zamontuje w cha\u0142upie zmywark\u0119, kt\u00f3ra zimowa\u0142a na ciep\u0142ym strychu s\u0105siad\u00f3w.<br \/>\n<!--more--><a href=\"\/wp-content\/uploads\/2015\/03\/TADP3340.jpg\"><img loading=\"lazy\" decoding=\"async\" class=\"aligncenter size-medium wp-image-14392\" src=\"\/wp-content\/uploads\/2015\/03\/TADP3340-200x300.jpg\" alt=\"TADP3340\" width=\"200\" height=\"300\" srcset=\"\/adamczewski\/wp-content\/uploads\/2015\/03\/TADP3340-200x300.jpg 200w, \/adamczewski\/wp-content\/uploads\/2015\/03\/TADP3340-682x1024.jpg 682w\" sizes=\"(max-width: 200px) 100vw, 200px\" \/><\/a><em>Moja cha\u0142upa i&#8230; <\/em><\/p>\n<p>Pan Rafa\u0142 przez lata wszelkie roboty hydrauliczne w naszej zagrodzie robi\u0142 jako pomocnik swego ojca. Teraz, gdy przej\u0105\u0142 przedsi\u0119biorstwo (dw\u00f3ch pracownik\u00f3w i dwa auta dostawcze), nadal zajmuje si\u0119 wieloma domami letnimi w naszej gminie. Wszyscy znamy jego rzetelno\u015b\u0107, wi\u0119c mo\u017ce podejmowa\u0107 prace tak\u017ce pod nieobecno\u015b\u0107 w\u0142a\u015bcicieli. Taka wsp\u00f3\u0142praca jest korzystna dla obu stron. I niejeden rzemie\u015blnik w naszej okolicy tak funkcjonuje.<a href=\"\/wp-content\/uploads\/2015\/03\/TADP3431.jpg\"><img loading=\"lazy\" decoding=\"async\" class=\"aligncenter size-medium wp-image-14393\" src=\"\/wp-content\/uploads\/2015\/03\/TADP3431-200x300.jpg\" alt=\"TADP3431\" width=\"200\" height=\"300\" srcset=\"\/adamczewski\/wp-content\/uploads\/2015\/03\/TADP3431-200x300.jpg 200w, \/adamczewski\/wp-content\/uploads\/2015\/03\/TADP3431-682x1024.jpg 682w\" sizes=\"(max-width: 200px) 100vw, 200px\" \/><\/a><em><a href=\"\/wp-content\/uploads\/2015\/03\/TADP3431.jpg\">. <\/a>.. cha\u0142upa wnucz\u0105t \u00a0 \u00a0 \u00a0 \u00a0 \u00a0 \u00a0 \u00a0 \u00a0 \u00a0<\/em><\/p>\n<p>Na podobnych zasadach dzia\u0142a cie\u015bla i dekarz &#8211; stryj Rafa\u0142a &#8211; Tadeusz. A wszystko zacz\u0119\u0142o si\u0119 przed laty, gdy rozwi\u0105zano w pobliskich Drwa\u0142ach sadowniczy PGR.<\/p>\n<p>Robotnicy dostali wysokie rekompensaty i prawo do mieszka\u0144 w pegeerowskich blokach. Wi\u0119kszo\u015b\u0107 z nich pieni\u0105dze roztrwoni\u0142a, ale kilku za\u0142o\u017cy\u0142o ma\u0142e przedsi\u0119biorstwa, kt\u00f3re doskonale funkcjonuj\u0105. Maj\u0105 oni do obs\u0142ugi kilka tysi\u0119cy letnich dom\u00f3w, kt\u00f3re egzystuj\u0105 nad Narwi\u0105 i w Puszczy Bia\u0142ej.<\/p>\n<p>Pierwsze prace po przyje\u017adzie to usuni\u0119cie kretowisk (niezwykle licznych w tym roku &#8211; chyba dzi\u0119ki \u0142agodnej zimie) i dosianie trawy. U nas &#8211; na \u017c\u0105danie m\u0142odszej generacji &#8211; ma tak\u017ce by\u0107 za\u0142o\u017cony niewielki sad.<\/p>\n<p>Jesieni\u0105 wyznaczony teren zosta\u0142 zaorany, a potem obficie nawo\u017cony. Mam nadziej\u0119 &#8211; bo jestem tylko obserwatorem, a nie sadownikiem &#8211; \u017ce do\u017cyj\u0119 tego momentu, gdy na wschodnim skraju, tu\u017c przy p\u0142ocie, rozkwitn\u0105 jab\u0142onie i wi\u015bnie. Takie bowiem gatunki domoro\u015bli sadownicy postanowili posadzi\u0107. Pilnowa\u0142em tylko, by nie zaorali mi najlepszych teren\u00f3w grzybodajnych pod buczyn\u0105 i modrzewiami.<a href=\"\/wp-content\/uploads\/2015\/03\/\u0141\u0119cino-w-koszu-P9130038.jpg\"><img loading=\"lazy\" decoding=\"async\" class=\"aligncenter size-medium wp-image-14394\" src=\"\/wp-content\/uploads\/2015\/03\/\u0141\u0119cino-w-koszu-P9130038-300x225.jpg\" alt=\"OLYMPUS DIGITAL CAMERA\" width=\"300\" height=\"225\" srcset=\"\/adamczewski\/wp-content\/uploads\/2015\/03\/\u0141\u0119cino-w-koszu-P9130038-300x225.jpg 300w, \/adamczewski\/wp-content\/uploads\/2015\/03\/\u0141\u0119cino-w-koszu-P9130038-1024x768.jpg 1024w\" sizes=\"(max-width: 300px) 100vw, 300px\" \/><\/a><em><a href=\"\/wp-content\/uploads\/2015\/03\/\u0141\u0119cino-w-koszu-P9130038.jpg\">F <\/a>ot. Piotr Adamczewski<\/em><\/p>\n<p>St\u0119skni\u0142em si\u0119 za moj\u0105 wsi\u0105 i z wielk\u0105 frajd\u0105 na ni\u0105 wracam. Nie ma pi\u0119kniejszego miejsca do pracy ni\u017c przeszklona weranda po\u015br\u00f3d \u015bwiergocz\u0105cych ptak\u00f3w i \u015bmigaj\u0105cych po drzewach wiewi\u00f3rek.<\/p>\n<p>PS.<\/p>\n<p>Serdeczno\u015bci i u\u015bciski dla wszystkich Krystyn oraz pozosta\u0142ych solenizantek!<\/p>\n","protected":false},"excerpt":{"rendered":"<p>Ju\u017c chyba nie ma ryzyka powrotu mrozu i mo\u017cna uruchomi\u0107 wodoci\u0105g. Za tydzie\u0144 wi\u0119c mistrz hydraulik zamontuje w cha\u0142upie zmywark\u0119, kt\u00f3ra zimowa\u0142a na ciep\u0142ym strychu s\u0105siad\u00f3w.<\/p>\n","protected":false},"author":2,"featured_media":0,"comment_status":"open","ping_status":"closed","sticky":false,"template":"","format":"standard","meta":{"footnotes":""},"categories":[1],"tags":[],"_links":{"self":[{"href":"https:\/\/blog.polityka.pl\/adamczewski\/wp-json\/wp\/v2\/posts\/14389"}],"collection":[{"href":"https:\/\/blog.polityka.pl\/adamczewski\/wp-json\/wp\/v2\/posts"}],"about":[{"href":"https:\/\/blog.polityka.pl\/adamczewski\/wp-json\/wp\/v2\/types\/post"}],"author":[{"embeddable":true,"href":"https:\/\/blog.polityka.pl\/adamczewski\/wp-json\/wp\/v2\/users\/2"}],"replies":[{"embeddable":true,"href":"https:\/\/blog.polityka.pl\/adamczewski\/wp-json\/wp\/v2\/comments?post=14389"}],"version-history":[{"count":7,"href":"https:\/\/blog.polityka.pl\/adamczewski\/wp-json\/wp\/v2\/posts\/14389\/revisions"}],"predecessor-version":[{"id":14453,"href":"https:\/\/blog.polityka.pl\/adamczewski\/wp-json\/wp\/v2\/posts\/14389\/revisions\/14453"}],"wp:attachment":[{"href":"https:\/\/blog.polityka.pl\/adamczewski\/wp-json\/wp\/v2\/media?parent=14389"}],"wp:term":[{"taxonomy":"category","embeddable":true,"href":"https:\/\/blog.polityka.pl\/adamczewski\/wp-json\/wp\/v2\/categories?post=14389"},{"taxonomy":"post_tag","embeddable":true,"href":"https:\/\/blog.polityka.pl\/adamczewski\/wp-json\/wp\/v2\/tags?post=14389"}],"curies":[{"name":"wp","href":"https:\/\/api.w.org\/{rel}","templated":true}]}}