
{"id":144,"date":"2007-02-07T08:00:49","date_gmt":"2007-02-07T07:00:49","guid":{"rendered":"http:\/\/adamczewski.blog.polityka.pl\/?p=144"},"modified":"2007-02-07T08:53:11","modified_gmt":"2007-02-07T07:53:11","slug":"zgadnij-co-gotujemy-26","status":"publish","type":"post","link":"https:\/\/blog.polityka.pl\/adamczewski\/2007\/02\/07\/zgadnij-co-gotujemy-26\/","title":{"rendered":"Zgadnij co gotujemy? (26)"},"content":{"rendered":"<p>Tym razem zagadki b\u0119d\u0105 nieco trudniejsze. W ubieg\u0142ym tygodniu by\u0142y narzekania, \u017ce pytania s\u0105 zbyt \u0142atwe. Prosz\u0119 bardzo. Nasz klient &#8211; nasz pan!<\/p>\n<p>Nagrod\u0105 jest w tym tygodniu ksi\u0105\u017cka Barbary &#8222;Kuchnia polska na nowo odkryta&#8221; wydana przez firm\u0119 Pr\u00f3szy\u0144ski i S-ka. Oczywi\u015bcie z dedykacj\u0105 imienn\u0105 i autografami naszej sp\u00f3\u0142ki autorskiej.<\/p>\n<p>A oto pytania:<\/p>\n<p>1. Jak si\u0119 nazywa\u0142 jeden z wybitniejszych autor\u00f3w ksi\u0105\u017cek kucharskich \u017cyj\u0105cy w XIX w., kt\u00f3ry najpierw by\u0142 kucharzem na dworze kr\u00f3la Stanis\u0142awa Augusta, gdzie gotowa\u0142 pod okiem s\u0142ynnego Paw\u0142a Tremo, a p\u00f3\u017aniej usamodzielni\u0142 si\u0119, przeni\u00f3s\u0142 do Wilna i tam napisa\u0142 i wyda\u0142 szereg fundamentalnych dzie\u0142.<\/p>\n<p>2. Ulubiony autor ksi\u0105\u017cek kucharskich Adama Mickiewicza, z jego dzie\u0142a korzysta\u0142 wieszcz Adam pisz\u0105c rozdzia\u0142 &#8222;Pana Tadeusza&#8221; pt. &#8222;Uczta&#8221; to:<\/p>\n<p>3. Polak o nieocenionych wprost zas\u0142ugach dla kuchni francuskiej, by\u0142 z wykszta\u0142cenia lekarzem a z zami\u0142owania kucharzem, za\u0142o\u017cy\u0142 pierwsz\u0105 akademi\u0119 kulinarn\u0105 w Pary\u017cu i napisa\u0142 ponad tysi\u0105c artyku\u0142\u00f3w na temat jedzenia, znany bardziej z herbu szlacheckiego ni\u017c nazwiska:<\/p>\n<p>Czekam na prawid\u0142owe odpowiedzi pod adresem <a href=\"mailto:internet@polityka.com.pl\">internet@polityka.com.pl<\/a><\/p>\n<p>Kto pierwszy &#8211; ten lepszy!<\/p>\n","protected":false},"excerpt":{"rendered":"<p>Tym razem zagadki b\u0119d\u0105 nieco trudniejsze. W ubieg\u0142ym tygodniu by\u0142y narzekania, \u017ce pytania s\u0105 zbyt \u0142atwe. Prosz\u0119 bardzo. Nasz klient &#8211; nasz pan! Nagrod\u0105 jest w tym tygodniu ksi\u0105\u017cka Barbary &#8222;Kuchnia polska na nowo odkryta&#8221; wydana przez firm\u0119 Pr\u00f3szy\u0144ski i S-ka. Oczywi\u015bcie z dedykacj\u0105 imienn\u0105 i autografami naszej sp\u00f3\u0142ki autorskiej. A oto pytania: 1. Jak [&hellip;]<\/p>\n","protected":false},"author":2,"featured_media":0,"comment_status":"open","ping_status":"open","sticky":false,"template":"","format":"standard","meta":{"footnotes":""},"categories":[1],"tags":[],"_links":{"self":[{"href":"https:\/\/blog.polityka.pl\/adamczewski\/wp-json\/wp\/v2\/posts\/144"}],"collection":[{"href":"https:\/\/blog.polityka.pl\/adamczewski\/wp-json\/wp\/v2\/posts"}],"about":[{"href":"https:\/\/blog.polityka.pl\/adamczewski\/wp-json\/wp\/v2\/types\/post"}],"author":[{"embeddable":true,"href":"https:\/\/blog.polityka.pl\/adamczewski\/wp-json\/wp\/v2\/users\/2"}],"replies":[{"embeddable":true,"href":"https:\/\/blog.polityka.pl\/adamczewski\/wp-json\/wp\/v2\/comments?post=144"}],"version-history":[{"count":0,"href":"https:\/\/blog.polityka.pl\/adamczewski\/wp-json\/wp\/v2\/posts\/144\/revisions"}],"wp:attachment":[{"href":"https:\/\/blog.polityka.pl\/adamczewski\/wp-json\/wp\/v2\/media?parent=144"}],"wp:term":[{"taxonomy":"category","embeddable":true,"href":"https:\/\/blog.polityka.pl\/adamczewski\/wp-json\/wp\/v2\/categories?post=144"},{"taxonomy":"post_tag","embeddable":true,"href":"https:\/\/blog.polityka.pl\/adamczewski\/wp-json\/wp\/v2\/tags?post=144"}],"curies":[{"name":"wp","href":"https:\/\/api.w.org\/{rel}","templated":true}]}}