
{"id":1440,"date":"2010-01-06T08:55:42","date_gmt":"2010-01-06T07:55:42","guid":{"rendered":"http:\/\/adamczewski.blog.polityka.pl\/?p=1440"},"modified":"2010-01-06T09:10:11","modified_gmt":"2010-01-06T08:10:11","slug":"zgadnij-co-gotujemy18-b","status":"publish","type":"post","link":"https:\/\/blog.polityka.pl\/adamczewski\/2010\/01\/06\/zgadnij-co-gotujemy18-b\/","title":{"rendered":"Zgadnij co gotujemy?(18 B)"},"content":{"rendered":"<p><a href=\"\/wp-content\/uploads\/2009\/12\/basi-przekaski-p6060006.jpg\"><\/a><\/p>\n<p><em><a href=\"\/wp-content\/uploads\/2009\/12\/basi-przekaski-p6060006.jpg\"><img loading=\"lazy\" decoding=\"async\" class=\"aligncenter size-full wp-image-1450\" title=\"basi-przekaski-p6060006\" src=\"\/wp-content\/uploads\/2009\/12\/basi-przekaski-p6060006.jpg\" alt=\"\" width=\"400\" height=\"321\" \/><\/a><\/em><\/p>\n<p><em>Przed odpowiedzi\u0105 przyda si\u0119 przek\u0105ska<\/em><\/p>\n<p>I ju\u017c jeste\u015bmy w Nowym Roku. Cho\u0107 nie wiem czy to pow\u00f3d do rado\u015bci. Przecie\u017c na pytanie o wiek podajemy wi\u0119ksz\u0105 liczb\u0119 ni\u017c przed tygodniem. No ale za to przyby\u0142o nam do\u015bwiadczenia. Jeste\u015bmy m\u0105drzejsi. Kto\u015b w to w\u0105tpi? No to zaraz przeprowadz\u0119 w\u0142a\u015bciw\u0105 pr\u00f3b\u0119. Oto pytania potwierdzaj\u0105ce, \u017ce jeste\u015bmy coraz m\u0105drzejsi:<\/p>\n<p>1\u00a0&#8211; Czy rosolis to zupa z drobiu czy z\u00a0 innego mi\u0119sa?<\/p>\n<p>2\u00a0&#8211; Raki to skorupiaki \u017cyj\u0105ce tak\u017ce i w naszych rzekach (pod warunkiem, \u017ce s\u0105 czyste) ale tak\u017ce i co\u015b zupe\u0142nie innego spotykanego na stole; co to takiego?<\/p>\n<p>3\u00a0&#8211; W pobli\u017cu Grenoble mie\u015bci si\u0119 od wielu wiek\u00f3w ( z przerwami na wielokrotne wygnania) klasztor kartuz\u00f3w; z czego zas\u0142yn\u0119li mnisi i s\u0142yn\u0105 nadal?<\/p>\n<p><img loading=\"lazy\" decoding=\"async\" class=\"aligncenter size-full wp-image-1449\" title=\"carpacciodscn0522\" src=\"\/wp-content\/uploads\/2009\/12\/carpacciodscn0522.jpg\" alt=\"\" width=\"374\" height=\"230\" \/><\/p>\n<p><em>A to wzmocni Was po wysi\u0142ku jakim jest wyslanie rozwi\u0105zania<\/em><\/p>\n<p>Po odpowiedziach zorientujecie si\u0119, \u017ce jestem w wyj\u0105tkowo karnawa\u0142owym nastroju. Czego i Wam \u017cycz\u0119. A teraz zapraszam do komputer\u00f3w w celu wys\u0142ania na adres <a href=\"mailto:internet@polityka.com.pl\">internet@polityka.com.pl<\/a>\u00a0 prawid\u0142owych odpowiedzi. Kto pierwszy ten lepszy i na tego czeka ju\u017c nagroda\u00a0&#8211; tradycyjny kalendarz ze zdzieranymi kartkami, kt\u00f3re na odwrocie maj\u0105 przepisy kulinarne, porady winiarskie, rysunki satyryczne, przepisy savoir-vivre i inne po\u017cyteczne teksty.<\/p>\n<p><img loading=\"lazy\" decoding=\"async\" class=\"aligncenter size-full wp-image-1448\" title=\"koniak-do-przegrzebkaw-rukolap3090094\" src=\"\/wp-content\/uploads\/2009\/12\/koniak-do-przegrzebkaw-rukolap3090094.jpg\" alt=\"\" width=\"379\" height=\"339\" \/><\/p>\n<p><em>Przegrzebki czyli Saint Jacques dobre sa w ka\u017cdym momencie<\/em><\/p>\n<p>\u00a0<\/p>\n","protected":false},"excerpt":{"rendered":"<p>Przed odpowiedzi\u0105 przyda si\u0119 przek\u0105ska I ju\u017c jeste\u015bmy w Nowym Roku. Cho\u0107 nie wiem czy to pow\u00f3d do rado\u015bci. Przecie\u017c na pytanie o wiek podajemy wi\u0119ksz\u0105 liczb\u0119 ni\u017c przed tygodniem. No ale za to przyby\u0142o nam do\u015bwiadczenia. Jeste\u015bmy m\u0105drzejsi. Kto\u015b w to w\u0105tpi? No to zaraz przeprowadz\u0119 w\u0142a\u015bciw\u0105 pr\u00f3b\u0119. Oto pytania potwierdzaj\u0105ce, \u017ce jeste\u015bmy coraz [&hellip;]<\/p>\n","protected":false},"author":2,"featured_media":0,"comment_status":"open","ping_status":"open","sticky":false,"template":"","format":"standard","meta":{"footnotes":""},"categories":[1],"tags":[],"_links":{"self":[{"href":"https:\/\/blog.polityka.pl\/adamczewski\/wp-json\/wp\/v2\/posts\/1440"}],"collection":[{"href":"https:\/\/blog.polityka.pl\/adamczewski\/wp-json\/wp\/v2\/posts"}],"about":[{"href":"https:\/\/blog.polityka.pl\/adamczewski\/wp-json\/wp\/v2\/types\/post"}],"author":[{"embeddable":true,"href":"https:\/\/blog.polityka.pl\/adamczewski\/wp-json\/wp\/v2\/users\/2"}],"replies":[{"embeddable":true,"href":"https:\/\/blog.polityka.pl\/adamczewski\/wp-json\/wp\/v2\/comments?post=1440"}],"version-history":[{"count":0,"href":"https:\/\/blog.polityka.pl\/adamczewski\/wp-json\/wp\/v2\/posts\/1440\/revisions"}],"wp:attachment":[{"href":"https:\/\/blog.polityka.pl\/adamczewski\/wp-json\/wp\/v2\/media?parent=1440"}],"wp:term":[{"taxonomy":"category","embeddable":true,"href":"https:\/\/blog.polityka.pl\/adamczewski\/wp-json\/wp\/v2\/categories?post=1440"},{"taxonomy":"post_tag","embeddable":true,"href":"https:\/\/blog.polityka.pl\/adamczewski\/wp-json\/wp\/v2\/tags?post=1440"}],"curies":[{"name":"wp","href":"https:\/\/api.w.org\/{rel}","templated":true}]}}