
{"id":14464,"date":"2015-03-16T07:00:17","date_gmt":"2015-03-16T06:00:17","guid":{"rendered":"http:\/\/adamczewski.blog.polityka.pl\/?p=14464"},"modified":"2015-03-17T12:01:47","modified_gmt":"2015-03-17T11:01:47","slug":"przyjemne-z-pozytecznym-czyli-wizyta-w-muzeum-2","status":"publish","type":"post","link":"https:\/\/blog.polityka.pl\/adamczewski\/2015\/03\/16\/przyjemne-z-pozytecznym-czyli-wizyta-w-muzeum-2\/","title":{"rendered":"Przyjemne z po\u017cytecznym, czyli wyprawa do Muzeum"},"content":{"rendered":"<p>Coraz cz\u0119\u015bciej odwiedzam warszawskie Muzeum Narodowe. Sprawia mi to szczeg\u00f3ln\u0105 przyjemno\u015b\u0107, zw\u0142aszcza gdy mog\u0119 obejrze\u0107 dzie\u0142a, kt\u00f3re rzadko odwiedzaj\u0105 Warszaw\u0119 i zje\u017cd\u017caj\u0105 tu z r\u00f3\u017cnych stron Europy i \u015bwiata. Tym razem zwabi\u0142a nas tw\u00f3rczo\u015b\u0107 Olgi Bozna\u0144skiej.<br \/>\n<!--more--><br \/>\nMimo brzydkiej pogody &#8211; zimno i deszczowo &#8211; w salach Muzeum by\u0142o sporo ludzi. W tym kilka wycieczek szkolnych, kt\u00f3re najwyra\u017aniej prze\u017cywa\u0142y to spotkanie z wielkim malarstwem. Mamy nadziej\u0119 &#8211; i o tym rozmawiali\u015bmy, pods\u0142uchuj\u0105c dzieci\u0119ce komentarze przy wspania\u0142ych portretach &#8211; \u017ce nie by\u0142a to ostatnia wyprawa m\u0142odych koneser\u00f3w malarstwa do tego przybytku sztuki.<a href=\"\/wp-content\/uploads\/2015\/03\/olga_boznanska.jpg\"><img loading=\"lazy\" decoding=\"async\" src=\"\/wp-content\/uploads\/2015\/03\/olga_boznanska.jpg\" alt=\"olga_boznanska\" width=\"482\" height=\"768\" class=\"aligncenter size-full wp-image-14458\" srcset=\"\/adamczewski\/wp-content\/uploads\/2015\/03\/olga_boznanska.jpg 482w, \/adamczewski\/wp-content\/uploads\/2015\/03\/olga_boznanska-188x300.jpg 188w\" sizes=\"(max-width: 482px) 100vw, 482px\" \/><\/a>Na dok\u0142adne zwiedzenie wystawy nale\u017cy po\u015bwi\u0119ci\u0107 nie mniej ni\u017c p\u00f3\u0142torej godziny. Obraz\u00f3w jest bowiem mn\u00f3stwo. Samych dzie\u0142 Olgi Bozna\u0144skiej powieszono niemal 150. <\/p>\n<p>Ponadto s\u0105 obrazy jej mistrz\u00f3w i koleg\u00f3w (g\u0142\u00f3wnie z okresu paryskiego). Po wej\u015bciu do pierwszej Sali rzuca si\u0119 w oczy wspania\u0142y portret p\u0119dzla Diego Velazqueza. Wielk\u0105 frajd\u0105 jest por\u00f3wnywanie portret\u00f3w polskiej malarki z dzie\u0142em Hiszpana. Wyra\u017anie mo\u017cna dostrzec fascynacj\u0119 Bozna\u0144skiej jego tw\u00f3rczo\u015bci\u0105. S\u0105 te\u017c dzie\u0142a artyst\u00f3w japo\u0144skich &#8211; Bozna\u0144ska bowiem bardzo interesowa\u0142a si\u0119 zw\u0142aszcza drzeworytami z Dalekiego Wschodu. Obrazy Edouarda Maneta, Eugene Carriere&#8217;a czy Henri Fantin-Latour&#8217;a oraz Jacka Malczewskiego i Leopolda Gotlieba tworz\u0105 doskona\u0142e t\u0142o zw\u0142aszcza dla portret\u00f3w p\u0119dzla wielkiej artystki.<\/p>\n<p>Najd\u0142u\u017cej w\u0119drowali\u015bmy po salach prezentuj\u0105cych portrety. Zar\u00f3wno bowiem nieliczne miejskie pejza\u017ce, jak i martwe natury najwyra\u017aniej nie stanowi\u0142y ulubionych temat\u00f3w malarki.<\/p>\n<p>Po niemal dw\u00f3ch godzinach obcowania z wielk\u0105 sztuk\u0105 wychodzili\u015bmy z Muzeum zm\u0119czeni, ale zachwyceni. I teraz nast\u0105pi\u0142a druga cz\u0119\u015b\u0107 wycieczki mieszcz\u0105ca si\u0119 w s\u0142owie &#8222;po\u017cyteczne&#8221;. <\/p>\n<p>Z musu bowiem (ograniczenia ruchu spowodowane zamkni\u0119ciem spalonego mostu) wyl\u0105dowali\u015bmy na Saskiej K\u0119pie. Tam za\u015b jest takie zag\u0119szczenie sklep\u00f3w, \u017ce te\u017c niejako z musu zrobili\u015bmy zakupy. W sklepie mi\u0119snym prowadzonym przez arabskich w\u0142a\u015bcicieli nabyli\u015bmy mergez, czyli cieniutkie kie\u0142baski z mi\u0119sa jagni\u0119cego, w delikatesach Alma, kt\u00f3re podbijaj\u0105 sto\u0142eczny rynek, wielk\u0105 butl\u0119 cydru lubelskiego, comber jagni\u0119cy podzielony ju\u017c na pojedyncze kotleciki, steki wo\u0142owe tzw. minutowe (sma\u017cy si\u0119 je bowiem po jednej minucie z ka\u017cdej strony) oraz ma\u0142\u0105, ale pi\u0119knie si\u0119 prezentuj\u0105c\u0105 porcj\u0119 w\u0119dzonego \u0142ososia norweskiego. <\/p>\n<p>Tak wygl\u0105da\u0142a aprowizacja naszego domu na brzydki i ch\u0142odny marcowy weekend.<\/p>\n","protected":false},"excerpt":{"rendered":"<p>Coraz cz\u0119\u015bciej odwiedzam warszawskie Muzeum Narodowe. Sprawia mi to szczeg\u00f3ln\u0105 przyjemno\u015b\u0107, zw\u0142aszcza gdy mog\u0119 obejrze\u0107 dzie\u0142a, kt\u00f3re rzadko odwiedzaj\u0105 Warszaw\u0119 i zje\u017cd\u017caj\u0105 tu z r\u00f3\u017cnych stron Europy i \u015bwiata. Tym razem zwabi\u0142a nas tw\u00f3rczo\u015b\u0107 Olgi Bozna\u0144skiej.<\/p>\n","protected":false},"author":2,"featured_media":0,"comment_status":"open","ping_status":"closed","sticky":false,"template":"","format":"standard","meta":{"footnotes":""},"categories":[1],"tags":[],"_links":{"self":[{"href":"https:\/\/blog.polityka.pl\/adamczewski\/wp-json\/wp\/v2\/posts\/14464"}],"collection":[{"href":"https:\/\/blog.polityka.pl\/adamczewski\/wp-json\/wp\/v2\/posts"}],"about":[{"href":"https:\/\/blog.polityka.pl\/adamczewski\/wp-json\/wp\/v2\/types\/post"}],"author":[{"embeddable":true,"href":"https:\/\/blog.polityka.pl\/adamczewski\/wp-json\/wp\/v2\/users\/2"}],"replies":[{"embeddable":true,"href":"https:\/\/blog.polityka.pl\/adamczewski\/wp-json\/wp\/v2\/comments?post=14464"}],"version-history":[{"count":5,"href":"https:\/\/blog.polityka.pl\/adamczewski\/wp-json\/wp\/v2\/posts\/14464\/revisions"}],"predecessor-version":[{"id":14466,"href":"https:\/\/blog.polityka.pl\/adamczewski\/wp-json\/wp\/v2\/posts\/14464\/revisions\/14466"}],"wp:attachment":[{"href":"https:\/\/blog.polityka.pl\/adamczewski\/wp-json\/wp\/v2\/media?parent=14464"}],"wp:term":[{"taxonomy":"category","embeddable":true,"href":"https:\/\/blog.polityka.pl\/adamczewski\/wp-json\/wp\/v2\/categories?post=14464"},{"taxonomy":"post_tag","embeddable":true,"href":"https:\/\/blog.polityka.pl\/adamczewski\/wp-json\/wp\/v2\/tags?post=14464"}],"curies":[{"name":"wp","href":"https:\/\/api.w.org\/{rel}","templated":true}]}}