
{"id":14470,"date":"2015-03-17T07:00:18","date_gmt":"2015-03-17T06:00:18","guid":{"rendered":"http:\/\/adamczewski.blog.polityka.pl\/?p=14470"},"modified":"2015-03-17T11:58:46","modified_gmt":"2015-03-17T10:58:46","slug":"z-wizyta-u-wojciecha-fangora","status":"publish","type":"post","link":"https:\/\/blog.polityka.pl\/adamczewski\/2015\/03\/17\/z-wizyta-u-wojciecha-fangora\/","title":{"rendered":"Z wizyt\u0105 u Wojciecha Fangora"},"content":{"rendered":"<p>Aby odby\u0107 t\u0119 wizyt\u0119 u jednego z najwybitniejszych polskich malarzy wsp\u00f3\u0142czesnych, trzeba zej\u015b\u0107 do podziemia. I my to zrobili\u015bmy. Zach\u0119ceni wystaw\u0105 dzie\u0142 Olgi Bozna\u0144skiej i rozsmakowani w wysokiego lotu dzie\u0142ach plastycznych zeszli\u015bmy do warszawskich podziemi.<br \/>\n<!--more--><br \/>\nNajpierw musieli\u015bmy z Mokotowa dojecha\u0107 pierwsz\u0105 lini\u0105 metra do stacji \u015awi\u0119tokrzyska (r\u00f3g Marsza\u0142kowskiej i \u015awi\u0119tokrzyskiej), by tam zej\u015b\u0107 jeszcze ni\u017cej. Le\u017c\u0105ca bli\u017cej piek\u0142a druga linia metra przybli\u017cy\u0142a nas te\u017c do prawdziwej sztuki. <\/p>\n<p>\u015aciany stacji bowiem wyk\u0142adane (ka\u017cda stacja w innym kolorze) \u017c\u00f3\u0142tymi p\u0142ytami wzd\u0142u\u017c ca\u0142ego peronu ozdobione s\u0105 r\u0119k\u0105 Mistrza, czyli napisami zaprojektowanymi przez Wojciech Fangora. Okazuje si\u0119, \u017ce nawet napis informuj\u0105cy o miejscu, w kt\u00f3rym si\u0119 znajdujemy, mo\u017ce dostarczy\u0107 prze\u017cy\u0107 estetycznych. \u017b\u00f3\u0142ta \u015awi\u0119tokrzyska, zielony Stadion Narodowy czy bia\u0142e Rondo ONZ zach\u0119caj\u0105 mi\u0142o\u015bnik\u00f3w sztuk plastycznych do d\u0142u\u017cszego przebywania na peronie. <\/p>\n<p>Ca\u0142a nasza podr\u00f3\u017c trwa\u0142a wi\u0119c ponad godzin\u0119. Wysiadali\u015bmy bowiem na kolejnych stacjach, by d\u0142u\u017cej poogl\u0105da\u0107 dzie\u0142o Fangora. Mamy te\u017c nadziej\u0119, \u017ce Mistrz zaprojektuje tak\u017ce napisy na \u015bciany stacji, kt\u00f3rych jeszcze nie ma, ale w dalszej przysz\u0142o\u015bci przebij\u0105 si\u0119 do Bia\u0142o\u0142\u0119ki (na praskim brzegu) i na Bemowo (po \u015br\u00f3dmiejskiej stronie rzeki).<a href=\"\/wp-content\/uploads\/2015\/03\/Metro-II.jpg\"><img loading=\"lazy\" decoding=\"async\" src=\"\/wp-content\/uploads\/2015\/03\/Metro-II-768x1024.jpg\" alt=\"OLYMPUS DIGITAL CAMERA\" width=\"620\" height=\"826\" class=\"aligncenter size-large wp-image-14468\" srcset=\"\/adamczewski\/wp-content\/uploads\/2015\/03\/Metro-II-768x1024.jpg 768w, \/adamczewski\/wp-content\/uploads\/2015\/03\/Metro-II-225x300.jpg 225w\" sizes=\"(max-width: 620px) 100vw, 620px\" \/><\/a>Znamy linie metra w wielu miastach Europy, ale nasze najbardziej nam si\u0119 podobaj\u0105. Zw\u0142aszcza te nowe. I jeste\u015bmy g\u0142\u0119boko (jak tunele tej szybkiej kolejki) przekonani, \u017ce to w g\u0142\u00f3wnej mierze zas\u0142uga wspania\u0142ego malarza, kt\u00f3ry mimo zaawansowanego wieku (Wojciech Fangor urodzi\u0142 si\u0119 w listopadzie 1922 roku) nie odk\u0142ada p\u0119dzla i ci\u0105gle fascynuje swoj\u0105 sztuk\u0105.<a href=\"\/wp-content\/uploads\/2015\/03\/Metro.jpg\"><img loading=\"lazy\" decoding=\"async\" src=\"\/wp-content\/uploads\/2015\/03\/Metro-1024x768.jpg\" alt=\"OLYMPUS DIGITAL CAMERA\" width=\"620\" height=\"465\" class=\"aligncenter size-large wp-image-14469\" srcset=\"\/adamczewski\/wp-content\/uploads\/2015\/03\/Metro-1024x768.jpg 1024w, \/adamczewski\/wp-content\/uploads\/2015\/03\/Metro-300x225.jpg 300w\" sizes=\"(max-width: 620px) 100vw, 620px\" \/><\/a>Zach\u0119camy wi\u0119c mieszka\u0144c\u00f3w stolicy: zejd\u017acie do podziemia, bo warto!<\/p>\n","protected":false},"excerpt":{"rendered":"<p>Aby odby\u0107 t\u0119 wizyt\u0119 u jednego z najwybitniejszych polskich malarzy wsp\u00f3\u0142czesnych, trzeba zej\u015b\u0107 do podziemia. I my to zrobili\u015bmy. Zach\u0119ceni wystaw\u0105 dzie\u0142 Olgi Bozna\u0144skiej i rozsmakowani w wysokiego lotu dzie\u0142ach plastycznych zeszli\u015bmy do warszawskich podziemi.<\/p>\n","protected":false},"author":2,"featured_media":0,"comment_status":"open","ping_status":"closed","sticky":false,"template":"","format":"standard","meta":{"footnotes":""},"categories":[1],"tags":[],"_links":{"self":[{"href":"https:\/\/blog.polityka.pl\/adamczewski\/wp-json\/wp\/v2\/posts\/14470"}],"collection":[{"href":"https:\/\/blog.polityka.pl\/adamczewski\/wp-json\/wp\/v2\/posts"}],"about":[{"href":"https:\/\/blog.polityka.pl\/adamczewski\/wp-json\/wp\/v2\/types\/post"}],"author":[{"embeddable":true,"href":"https:\/\/blog.polityka.pl\/adamczewski\/wp-json\/wp\/v2\/users\/2"}],"replies":[{"embeddable":true,"href":"https:\/\/blog.polityka.pl\/adamczewski\/wp-json\/wp\/v2\/comments?post=14470"}],"version-history":[{"count":4,"href":"https:\/\/blog.polityka.pl\/adamczewski\/wp-json\/wp\/v2\/posts\/14470\/revisions"}],"predecessor-version":[{"id":14500,"href":"https:\/\/blog.polityka.pl\/adamczewski\/wp-json\/wp\/v2\/posts\/14470\/revisions\/14500"}],"wp:attachment":[{"href":"https:\/\/blog.polityka.pl\/adamczewski\/wp-json\/wp\/v2\/media?parent=14470"}],"wp:term":[{"taxonomy":"category","embeddable":true,"href":"https:\/\/blog.polityka.pl\/adamczewski\/wp-json\/wp\/v2\/categories?post=14470"},{"taxonomy":"post_tag","embeddable":true,"href":"https:\/\/blog.polityka.pl\/adamczewski\/wp-json\/wp\/v2\/tags?post=14470"}],"curies":[{"name":"wp","href":"https:\/\/api.w.org\/{rel}","templated":true}]}}