
{"id":14539,"date":"2015-03-23T07:00:12","date_gmt":"2015-03-23T06:00:12","guid":{"rendered":"http:\/\/adamczewski.blog.polityka.pl\/?p=14539"},"modified":"2015-03-23T09:00:12","modified_gmt":"2015-03-23T08:00:12","slug":"urok-rankingow","status":"publish","type":"post","link":"https:\/\/blog.polityka.pl\/adamczewski\/2015\/03\/23\/urok-rankingow\/","title":{"rendered":"Urok ranking\u00f3w"},"content":{"rendered":"<p>Wprawdzie rankingi bywaj\u0105 zwodnicze (np. zdumiewaj\u0105ce czasem zmiany na listach popularno\u015bci polityk\u00f3w i partii), ale mog\u0105 tak\u017ce dostarcza\u0107 sporo rado\u015bci i zadowolenia. Zw\u0142aszcza gdy zainteresowani plasuj\u0105 si\u0119 na czo\u0142owych, czyli dobrych miejscach.<br \/>\n<!--more--><br \/>\nPOLITYKA prowadzi statystyk\u0119 blogow\u0105 od paru ju\u017c lat. Dzi\u015b na li\u015bcie rankingowej figuruje 40 blog\u00f3w. Od d\u0142u\u017cszego czasu nasz blog &#8222;Gotuj si\u0119!&#8221; mie\u015bci si\u0119 w \u015bcis\u0142ej czo\u0142\u00f3wce. Statystyka prowadzona przez redakcj\u0119 internetow\u0105 obejmuje liczb\u0119 ods\u0142on oraz liczb\u0119 tzw. unikalnych u\u017cytkownik\u00f3w.<\/p>\n<p>Regularnie w rankingu przewodzi blog Daniela Passenta &#8211; <a href=\"http:\/\/passent.blog.polityka.pl\/\" target=\"_blank\">&#8222;En Passant&#8221;<\/a>. Zdominowa\u0142 on list\u0119 trwale, a w minionym miesi\u0105cu (lutym) &#8211; przy 31173 uczestnik\u00f3w &#8211; zarejestrowa\u0142 116763 wej\u015b\u0107. Kolejne miejsca zaj\u0119\u0142y: Ch\u0119tkowskiego <a href=\"http:\/\/chetkowski.blog.polityka.pl\/\" target=\"_blank\">&#8222;Belferblog&#8221;<\/a>, Hartmana <a href=\"http:\/\/hartman.blog.polityka.pl\/\" target=\"_blank\">&#8222;Loose Blues&#8221;<\/a>, \u017bakowskiego <a href=\"http:\/\/zakowski.blog.polityka.pl\/\" target=\"_blank\">&#8222;Jak na d\u0142oni&#8221;<\/a> i na pi\u0105tym miejscu my, czyli &#8222;Gotuj si\u0119!&#8221;. Wprawdzie by\u0142y miesi\u0105ce, w kt\u00f3rych lokowali\u015bmy si\u0119 wy\u017cej, ale 73674 ods\u0142on i 19815 sta\u0142ych uczestnik\u00f3w to te\u017c dobry pow\u00f3d do rado\u015bci.<\/p>\n<p>Za nami usytuowa\u0142a si\u0119 Dorota Szwarcman, tu\u017c za ni\u0105 Adam Szostkiewicz a potem 33 pozosta\u0142e blogi prowadzone przez znanych i wybitnych autor\u00f3w.<a href=\"\/wp-content\/uploads\/2015\/03\/Wina-z-Lidla.jpg\"><img loading=\"lazy\" decoding=\"async\" class=\"aligncenter size-large wp-image-14543\" src=\"\/wp-content\/uploads\/2015\/03\/Wina-z-Lidla-1024x768.jpg\" alt=\"OLYMPUS DIGITAL CAMERA\" width=\"620\" height=\"465\" srcset=\"\/adamczewski\/wp-content\/uploads\/2015\/03\/Wina-z-Lidla-1024x768.jpg 1024w, \/adamczewski\/wp-content\/uploads\/2015\/03\/Wina-z-Lidla-300x225.jpg 300w\" sizes=\"(max-width: 620px) 100vw, 620px\" \/><\/a>Dzi\u0119kuj\u0119 wi\u0119c wszystkim blogowiczom, bo dzi\u0119ki ich aktywno\u015bci uplasowali\u015bmy si\u0119 tak wysoko. I zapraszam do dalszego pisania. Tymczasem za\u015b mo\u017cemy uczci\u0107 nasz sukces stosownym toastem.<\/p>\n","protected":false},"excerpt":{"rendered":"<p>Wprawdzie rankingi bywaj\u0105 zwodnicze (np. zdumiewaj\u0105ce czasem zmiany na listach popularno\u015bci polityk\u00f3w i partii), ale mog\u0105 tak\u017ce dostarcza\u0107 sporo rado\u015bci i zadowolenia. Zw\u0142aszcza gdy zainteresowani plasuj\u0105 si\u0119 na czo\u0142owych, czyli dobrych miejscach.<\/p>\n","protected":false},"author":2,"featured_media":0,"comment_status":"open","ping_status":"closed","sticky":false,"template":"","format":"standard","meta":{"footnotes":""},"categories":[1],"tags":[],"_links":{"self":[{"href":"https:\/\/blog.polityka.pl\/adamczewski\/wp-json\/wp\/v2\/posts\/14539"}],"collection":[{"href":"https:\/\/blog.polityka.pl\/adamczewski\/wp-json\/wp\/v2\/posts"}],"about":[{"href":"https:\/\/blog.polityka.pl\/adamczewski\/wp-json\/wp\/v2\/types\/post"}],"author":[{"embeddable":true,"href":"https:\/\/blog.polityka.pl\/adamczewski\/wp-json\/wp\/v2\/users\/2"}],"replies":[{"embeddable":true,"href":"https:\/\/blog.polityka.pl\/adamczewski\/wp-json\/wp\/v2\/comments?post=14539"}],"version-history":[{"count":5,"href":"https:\/\/blog.polityka.pl\/adamczewski\/wp-json\/wp\/v2\/posts\/14539\/revisions"}],"predecessor-version":[{"id":14541,"href":"https:\/\/blog.polityka.pl\/adamczewski\/wp-json\/wp\/v2\/posts\/14539\/revisions\/14541"}],"wp:attachment":[{"href":"https:\/\/blog.polityka.pl\/adamczewski\/wp-json\/wp\/v2\/media?parent=14539"}],"wp:term":[{"taxonomy":"category","embeddable":true,"href":"https:\/\/blog.polityka.pl\/adamczewski\/wp-json\/wp\/v2\/categories?post=14539"},{"taxonomy":"post_tag","embeddable":true,"href":"https:\/\/blog.polityka.pl\/adamczewski\/wp-json\/wp\/v2\/tags?post=14539"}],"curies":[{"name":"wp","href":"https:\/\/api.w.org\/{rel}","templated":true}]}}