
{"id":14697,"date":"2015-04-22T07:00:51","date_gmt":"2015-04-22T05:00:51","guid":{"rendered":"http:\/\/adamczewski.blog.polityka.pl\/?p=14697"},"modified":"2015-04-23T08:32:17","modified_gmt":"2015-04-23T06:32:17","slug":"rosnie-sad","status":"publish","type":"post","link":"https:\/\/blog.polityka.pl\/adamczewski\/2015\/04\/22\/rosnie-sad\/","title":{"rendered":"Ro\u015bnie sad"},"content":{"rendered":"<p>Opowiada\u0142em o pomy\u015ble m\u0142odej generacji mojej rodziny, kt\u00f3ra postanowi\u0142a za\u0142o\u017cy\u0107 sad. My\u015bla\u0142em, \u017ce to wszystko ograniczy si\u0119 do sfery s\u0142ownej. Tymczasem s\u0142owa dotrzymali &#8211; i jest sad.<br \/>\n<!--more--><br \/>\nPomi\u0119dzy buczyn\u0105 rosn\u0105c\u0105 (od p\u00f3\u0142nocy) na samym ko\u0144cu naszego terenu a sosnami stanowi\u0105cymi granic\u0119 od strony po\u0142udniowej posadzono jab\u0142onie, wi\u015bnie, czere\u015bnie, grusz\u0119, \u015bliw\u0119 &#8211; \u0142\u0105cznie dziesi\u0119\u0107 drzewek, a mi\u0119dzy nimi krzewy porzeczek, agrestu i bor\u00f3wki ameryka\u0144skie. <\/p>\n<p>Po kilku tygodniach wydaje si\u0119, \u017ce sadzonki si\u0119 przyj\u0119\u0142y. W ka\u017cdym razie nie schn\u0105. Wida\u0107 te\u017c, \u017ce wkr\u00f3tce b\u0119d\u0105 mia\u0142y listki. Nie s\u0105dz\u0119, by w tym roku zakwit\u0142y. Ale za rok&#8230;<a href=\"\/wp-content\/uploads\/2013\/11\/jablko-03.jpg\"><img loading=\"lazy\" decoding=\"async\" class=\"aligncenter size-medium wp-image-7779\" src=\"\/wp-content\/uploads\/2013\/11\/jablko-03-300x113.jpg\" alt=\"jablko 03\" width=\"300\" height=\"113\" srcset=\"\/adamczewski\/wp-content\/uploads\/2013\/11\/jablko-03-300x113.jpg 300w, \/adamczewski\/wp-content\/uploads\/2013\/11\/jablko-03.jpg 640w\" sizes=\"(max-width: 300px) 100vw, 300px\" \/><\/a>Ciekawe, czy doczekam owoc\u00f3w. Podobno w dzisiejszych tak pospiesznych czasach i drzewa owocowe dojrzewaj\u0105 szybciej. Mo\u017ce wi\u0119c b\u0119d\u0119 jad\u0142 wi\u015bnie i \u015bliwki z w\u0142asnego ogrodu.<\/p>\n<p>Z r\u00f3wn\u0105 niecierpliwo\u015bci\u0105 czekam i na owoce krzew\u00f3w. Zw\u0142aszcza na agrest, kt\u00f3ry znikn\u0105\u0142 ju\u017c dawno z naszego rynku, a w moim dzieci\u0144stwie by\u0142 owocem powszechnie dost\u0119pnym i pysznym. Mam nadziej\u0119, \u017ce b\u0119d\u0119 m\u00f3g\u0142 produkowa\u0107 w\u0142asne konfitury i galaretki agrestowo-porzeczkowe. O tym, \u017ce bor\u00f3wka ameryka\u0144ska na naszej kurpiowskiej ziemi si\u0119 przyjmie, wiem, bo dwa krzaczki rosn\u0105 pod moim domem od kilku lat i bardzo obficie owocuj\u0105. <\/p>\n<p>Tyle tylko, \u017ce konkuruj\u0119 z ptakami, kt\u00f3re te s\u0142odkie kulki te\u017c lubi\u0105 i cz\u0119sto nie czekaj\u0105, a\u017c bor\u00f3wka ca\u0142kowicie dojrzeje. Obawiam si\u0119, \u017ce te wy\u015bcigi z ptakami b\u0119d\u0105 si\u0119 nasila\u0107, gdy zaczn\u0105 dojrzewa\u0107 wi\u015bnie i czere\u015bnie.<\/p>\n","protected":false},"excerpt":{"rendered":"<p>Opowiada\u0142em o pomy\u015ble m\u0142odej generacji mojej rodziny, kt\u00f3ra postanowi\u0142a za\u0142o\u017cy\u0107 sad. My\u015bla\u0142em, \u017ce to wszystko ograniczy si\u0119 do sfery s\u0142ownej. Tymczasem s\u0142owa dotrzymali &#8211; i jest sad.<\/p>\n","protected":false},"author":2,"featured_media":0,"comment_status":"open","ping_status":"closed","sticky":false,"template":"","format":"standard","meta":{"footnotes":""},"categories":[1],"tags":[],"_links":{"self":[{"href":"https:\/\/blog.polityka.pl\/adamczewski\/wp-json\/wp\/v2\/posts\/14697"}],"collection":[{"href":"https:\/\/blog.polityka.pl\/adamczewski\/wp-json\/wp\/v2\/posts"}],"about":[{"href":"https:\/\/blog.polityka.pl\/adamczewski\/wp-json\/wp\/v2\/types\/post"}],"author":[{"embeddable":true,"href":"https:\/\/blog.polityka.pl\/adamczewski\/wp-json\/wp\/v2\/users\/2"}],"replies":[{"embeddable":true,"href":"https:\/\/blog.polityka.pl\/adamczewski\/wp-json\/wp\/v2\/comments?post=14697"}],"version-history":[{"count":5,"href":"https:\/\/blog.polityka.pl\/adamczewski\/wp-json\/wp\/v2\/posts\/14697\/revisions"}],"predecessor-version":[{"id":14699,"href":"https:\/\/blog.polityka.pl\/adamczewski\/wp-json\/wp\/v2\/posts\/14697\/revisions\/14699"}],"wp:attachment":[{"href":"https:\/\/blog.polityka.pl\/adamczewski\/wp-json\/wp\/v2\/media?parent=14697"}],"wp:term":[{"taxonomy":"category","embeddable":true,"href":"https:\/\/blog.polityka.pl\/adamczewski\/wp-json\/wp\/v2\/categories?post=14697"},{"taxonomy":"post_tag","embeddable":true,"href":"https:\/\/blog.polityka.pl\/adamczewski\/wp-json\/wp\/v2\/tags?post=14697"}],"curies":[{"name":"wp","href":"https:\/\/api.w.org\/{rel}","templated":true}]}}