
{"id":14792,"date":"2015-05-14T07:00:15","date_gmt":"2015-05-14T05:00:15","guid":{"rendered":"http:\/\/adamczewski.blog.polityka.pl\/?p=14792"},"modified":"2015-05-27T10:29:13","modified_gmt":"2015-05-27T08:29:13","slug":"wlasnie-zakwitly-jablonie","status":"publish","type":"post","link":"https:\/\/blog.polityka.pl\/adamczewski\/2015\/05\/14\/wlasnie-zakwitly-jablonie\/","title":{"rendered":"W\u0142a\u015bnie zakwit\u0142y jab\u0142onie"},"content":{"rendered":"<p><a href=\"\/wp-content\/uploads\/2015\/05\/Jab\u0142onka2.jpg\"><img loading=\"lazy\" decoding=\"async\" src=\"\/wp-content\/uploads\/2015\/05\/Jab\u0142onka2-1024x768.jpg\" alt=\"OLYMPUS DIGITAL CAMERA\" width=\"620\" height=\"465\" class=\"aligncenter size-large wp-image-14820\" srcset=\"\/adamczewski\/wp-content\/uploads\/2015\/05\/Jab\u0142onka2-1024x768.jpg 1024w, \/adamczewski\/wp-content\/uploads\/2015\/05\/Jab\u0142onka2-300x225.jpg 300w\" sizes=\"(max-width: 620px) 100vw, 620px\" \/><\/a>I nie tylko jab\u0142onie. Brzoskwinia zd\u0105\u017cy\u0142a ju\u017c zgubi\u0107 swoje pi\u0119kne r\u00f3\u017cowe kwiaty. Truskawki te\u017c kwitn\u0105 jak op\u0119tane. Towarzysz\u0105 im bor\u00f3wki ameryka\u0144skie. Bez nie zwa\u017ca na ch\u0142\u00f3d i tak\u017ce g\u0119sto jest obrzucony kwieciem. A czeremcha pachnie tak intensywnie, \u017ce nie daje si\u0119 spa\u0107 przy uchylonym oknie. Tu\u017c przed werand\u0105 rozros\u0142a si\u0119 do niebywa\u0142ych rozmiar\u00f3w \u0142\u0105ka konwaliowa.<br \/>\n<!--more--><br \/>\nJest bia\u0142o i pachn\u0105co. S\u0142owem &#8211; wiosna rozszala\u0142a si\u0119 na dobre.<a href=\"\/wp-content\/uploads\/2014\/01\/Bzy.jpg\"><img loading=\"lazy\" decoding=\"async\" class=\"aligncenter size-large wp-image-14780\" src=\"\/wp-content\/uploads\/2014\/01\/Bzy-300x225.jpg\" alt=\"Bzy\" width=\"620\" height=\"465\" \/><\/a>Mam nadziej\u0119, \u017ce taka obfito\u015b\u0107 kwiat\u00f3w zapowiada tak\u017ce obfite plony. A truskawki z w\u0142asnego ogrodu s\u0105 zazwyczaj wielokrotnie smaczniejsze ni\u017c te kupne. Nawet te nabywane z licznych stragan\u00f3w rozstawianych wzd\u0142u\u017c szosy Warszawa-Pu\u0142tusk.<\/p>\n<p>Moje w\u0142asne maj\u0105 cho\u0107by t\u0119 przewag\u0119, \u017ce nie s\u0105 ska\u017cone chemicznie. Za\u015b jab\u0142ka rosn\u0105ce tu\u017c za oknem kuchennym s\u0105 zazwyczaj najlepszym surowcem do szarlotki. Wszyscy uwielbiamy wprost szarlotk\u0119, w kt\u00f3rej s\u0142odycz ciasta posypanego cukrem pudrem z\u0142amana jest kwa\u015bnym jab\u0142ecznym musem.<\/p>\n<p>Wkr\u00f3tce g\u0142\u00f3wnym moim zadaniem b\u0119dzie ustrze\u017cenie owoc\u00f3w przed r\u00f3wnie \u0142akomymi jak ja ptakami oraz wiewi\u00f3rkami. Szpaki i s\u00f3jki ch\u0119tnie objadaj\u0105 si\u0119 bor\u00f3wkami ameryka\u0144skimi i wi\u015bniami. A rudzielce z puszyst\u0105 kitk\u0105 potrafi\u0105 zniszczy\u0107 ca\u0142\u0105 grz\u0105dk\u0119 truskawek, zjadaj\u0105c z owoc\u00f3w tylko pokrywaj\u0105ce je malutkie pesteczki.<a href=\"\/wp-content\/uploads\/2015\/05\/Konwalie.jpg\"><img loading=\"lazy\" decoding=\"async\" src=\"\/wp-content\/uploads\/2015\/05\/Konwalie-1024x768.jpg\" alt=\"OLYMPUS DIGITAL CAMERA\" width=\"620\" height=\"465\" class=\"aligncenter size-large wp-image-14814\" srcset=\"\/adamczewski\/wp-content\/uploads\/2015\/05\/Konwalie-1024x768.jpg 1024w, \/adamczewski\/wp-content\/uploads\/2015\/05\/Konwalie-300x225.jpg 300w\" sizes=\"(max-width: 620px) 100vw, 620px\" \/><\/a>Musz\u0119 wi\u0119c w porze dojrzewania zrywa\u0107 si\u0119 przed \u015bwitem, by wypu\u015bci\u0107 z werandy Rudego, czyli psa, kt\u00f3ry wprawdzie obudzi wszystkich domowych \u015bpioch\u00f3w, ale te\u017c przep\u0142oszy nieproszonych go\u015bci z grz\u0105dek i drzew.<\/p>\n","protected":false},"excerpt":{"rendered":"<p>I nie tylko jab\u0142onie. Brzoskwinia zd\u0105\u017cy\u0142a ju\u017c zgubi\u0107 swoje pi\u0119kne r\u00f3\u017cowe kwiaty. Truskawki te\u017c kwitn\u0105 jak op\u0119tane. Towarzysz\u0105 im bor\u00f3wki ameryka\u0144skie. Bez nie zwa\u017ca na ch\u0142\u00f3d i tak\u017ce g\u0119sto jest obrzucony kwieciem. A czeremcha pachnie tak intensywnie, \u017ce nie daje si\u0119 spa\u0107 przy uchylonym oknie. Tu\u017c przed werand\u0105 rozros\u0142a si\u0119 do niebywa\u0142ych rozmiar\u00f3w \u0142\u0105ka konwaliowa.<\/p>\n","protected":false},"author":2,"featured_media":0,"comment_status":"open","ping_status":"closed","sticky":false,"template":"","format":"standard","meta":{"footnotes":""},"categories":[1],"tags":[],"_links":{"self":[{"href":"https:\/\/blog.polityka.pl\/adamczewski\/wp-json\/wp\/v2\/posts\/14792"}],"collection":[{"href":"https:\/\/blog.polityka.pl\/adamczewski\/wp-json\/wp\/v2\/posts"}],"about":[{"href":"https:\/\/blog.polityka.pl\/adamczewski\/wp-json\/wp\/v2\/types\/post"}],"author":[{"embeddable":true,"href":"https:\/\/blog.polityka.pl\/adamczewski\/wp-json\/wp\/v2\/users\/2"}],"replies":[{"embeddable":true,"href":"https:\/\/blog.polityka.pl\/adamczewski\/wp-json\/wp\/v2\/comments?post=14792"}],"version-history":[{"count":9,"href":"https:\/\/blog.polityka.pl\/adamczewski\/wp-json\/wp\/v2\/posts\/14792\/revisions"}],"predecessor-version":[{"id":14901,"href":"https:\/\/blog.polityka.pl\/adamczewski\/wp-json\/wp\/v2\/posts\/14792\/revisions\/14901"}],"wp:attachment":[{"href":"https:\/\/blog.polityka.pl\/adamczewski\/wp-json\/wp\/v2\/media?parent=14792"}],"wp:term":[{"taxonomy":"category","embeddable":true,"href":"https:\/\/blog.polityka.pl\/adamczewski\/wp-json\/wp\/v2\/categories?post=14792"},{"taxonomy":"post_tag","embeddable":true,"href":"https:\/\/blog.polityka.pl\/adamczewski\/wp-json\/wp\/v2\/tags?post=14792"}],"curies":[{"name":"wp","href":"https:\/\/api.w.org\/{rel}","templated":true}]}}