
{"id":14808,"date":"2015-05-15T07:00:35","date_gmt":"2015-05-15T05:00:35","guid":{"rendered":"http:\/\/adamczewski.blog.polityka.pl\/?p=14808"},"modified":"2015-05-16T07:29:17","modified_gmt":"2015-05-16T05:29:17","slug":"wilga-drze-sie-od-samego-rana","status":"publish","type":"post","link":"https:\/\/blog.polityka.pl\/adamczewski\/2015\/05\/15\/wilga-drze-sie-od-samego-rana\/","title":{"rendered":"Wilga drze si\u0119 od samego rana"},"content":{"rendered":"<p>Zofija, zofija, zofija&#8230; wydziera si\u0119 od \u015bwitu wilga, co mnie irytuje, bo to ewidentna zapowied\u017a deszczu.<br \/>\n<!--more--><br \/>\nZ jednej strony to dobrze, bo posadzone przed paroma tygodniami drzewka i krzewy potrzebuj\u0105 wilgoci. Z drugiej jednak &#8211; deszczowy dzie\u0144 bywa smutny i przygn\u0119biaj\u0105cy. Spada tak\u017ce temperatura, kt\u00f3ra mimo zapowiedzi o ciep\u0142ym powietrzu pod\u0105\u017caj\u0105cym do naszego kraju z zachodu i po\u0142udnia jako\u015b nie mo\u017ce przekroczy\u0107 obiecywanych dwudziestu stopni. A ja jestem ciep\u0142olubny i w ch\u0142odne, mokre dni gorzej pracuj\u0119, tymczasem roboty mam huk.<\/p>\n<p>Dosta\u0142em kilka nieznanych mi przepis\u00f3w z r\u00f3\u017cnych stron \u015bwiata, wi\u0119c codziennie gotuj\u0119 coraz to nowe dania, by m\u00f3c podzieli\u0107 si\u0119 recepturami, kt\u00f3re sprawdzi\u0142y si\u0119 w mojej kuchni. R\u00f3wnocze\u015bnie przygotowuj\u0119 redakcyjn\u0105 korekt\u0119 kolejnej ksi\u0105\u017cki, kt\u00f3ra by\u0107 mo\u017ce uka\u017ce si\u0119 na rynku jeszcze przed wakacjami. &#8222;Toskania tysi\u0105ca smak\u00f3w&#8221; ma bowiem za zadanie oprowadzi\u0107 czytelnik\u00f3w po miejscach, kt\u00f3re mnie zachwyci\u0142y, i zaprowadzi\u0107 ich do sto\u0142\u00f3w z najwspanialszymi toska\u0144skimi przysmakami.<a href=\"\/wp-content\/uploads\/2014\/01\/Forsycja.jpg\"><img loading=\"lazy\" decoding=\"async\" class=\"aligncenter size-full wp-image-11704\" src=\"\/wp-content\/uploads\/2014\/01\/Forsycja.jpg\" alt=\"OLYMPUS DIGITAL CAMERA\" width=\"640\" height=\"480\" srcset=\"\/adamczewski\/wp-content\/uploads\/2014\/01\/Forsycja.jpg 640w, \/adamczewski\/wp-content\/uploads\/2014\/01\/Forsycja-300x225.jpg 300w\" sizes=\"(max-width: 640px) 100vw, 640px\" \/><\/a>Pilnie \u015bledz\u0119 te\u017c tegoroczny przebieg matur (cho\u0107 bez specjalnego zdenerwowania, bo wiem, \u017ce moja wnuczka jest do tego egzaminu \u015bwietnie przygotowana), dokarmiaj\u0105c najpyszniejszymi smako\u0142ykami najm\u0142odsze pokolenie rodziny.<\/p>\n<p>Od czasu do czasu bywam te\u017c w Warszawie &#8211; a to w studiu radiowym TOK FM, a to przy urnie wyborczej, a to na Targach Ksi\u0105\u017cki na Stadionie Narodowym, gdzie b\u0119d\u0119 czeka\u0142 na czytelnik\u00f3w w stoisku firmy Olesiejuk i w wydawnictwie Bernardinum, czyli deszcz nie deszcz &#8211; a ja w ci\u0105g\u0142ym ruchu.<\/p>\n<p>A wrzask wilgi ma te\u017c dobre strony. Przypomina mi bowiem, \u017ce 15 maja to dzie\u0144 imienin Zofii. Wszystkim Zo\u015bkom sk\u0142adam wi\u0119c serdeczne \u017cyczenia. Zw\u0142aszcza tym rodzinnym i zaprzyja\u017anionym.<a href=\"\/wp-content\/uploads\/2010\/05\/moje-cos-niebieskiego-p5140037.jpg\"><img loading=\"lazy\" decoding=\"async\" class=\"aligncenter size-full wp-image-1727\" src=\"\/wp-content\/uploads\/2010\/05\/moje-cos-niebieskiego-p5140037.jpg\" alt=\"moje-cos-niebieskiego-p5140037\" width=\"640\" height=\"480\" srcset=\"\/adamczewski\/wp-content\/uploads\/2010\/05\/moje-cos-niebieskiego-p5140037.jpg 640w, \/adamczewski\/wp-content\/uploads\/2010\/05\/moje-cos-niebieskiego-p5140037-300x225.jpg 300w\" sizes=\"(max-width: 640px) 100vw, 640px\" \/><\/a><\/p>\n<p>&nbsp;<\/p>\n<p>PS.<\/p>\n<p>Zapraszam w niedziel\u0119 17 maja na Stadion Narodowy gdzie najpierw w stoisku wydawnictwa Bernardinum 46 D6 (od godz. 12 do 13) b\u0119d\u0119 podpisywa\u0142 swoj\u0105 ksi\u0105\u017ck\u0119 &#8222;Jest ser!&#8221; a potem w Firmiej Olesiejuk 79 D 10 ( od godz.13 do 14) ksi\u0105\u017ck\u0119 &#8222;Jak smakuje p\u0119pek Wenus&#8221;.<\/p>\n","protected":false},"excerpt":{"rendered":"<p>Zofija, zofija, zofija&#8230; wydziera si\u0119 od \u015bwitu wilga, co mnie irytuje, bo to ewidentna zapowied\u017a deszczu.<\/p>\n","protected":false},"author":2,"featured_media":0,"comment_status":"open","ping_status":"closed","sticky":false,"template":"","format":"standard","meta":{"footnotes":""},"categories":[1],"tags":[],"_links":{"self":[{"href":"https:\/\/blog.polityka.pl\/adamczewski\/wp-json\/wp\/v2\/posts\/14808"}],"collection":[{"href":"https:\/\/blog.polityka.pl\/adamczewski\/wp-json\/wp\/v2\/posts"}],"about":[{"href":"https:\/\/blog.polityka.pl\/adamczewski\/wp-json\/wp\/v2\/types\/post"}],"author":[{"embeddable":true,"href":"https:\/\/blog.polityka.pl\/adamczewski\/wp-json\/wp\/v2\/users\/2"}],"replies":[{"embeddable":true,"href":"https:\/\/blog.polityka.pl\/adamczewski\/wp-json\/wp\/v2\/comments?post=14808"}],"version-history":[{"count":8,"href":"https:\/\/blog.polityka.pl\/adamczewski\/wp-json\/wp\/v2\/posts\/14808\/revisions"}],"predecessor-version":[{"id":14824,"href":"https:\/\/blog.polityka.pl\/adamczewski\/wp-json\/wp\/v2\/posts\/14808\/revisions\/14824"}],"wp:attachment":[{"href":"https:\/\/blog.polityka.pl\/adamczewski\/wp-json\/wp\/v2\/media?parent=14808"}],"wp:term":[{"taxonomy":"category","embeddable":true,"href":"https:\/\/blog.polityka.pl\/adamczewski\/wp-json\/wp\/v2\/categories?post=14808"},{"taxonomy":"post_tag","embeddable":true,"href":"https:\/\/blog.polityka.pl\/adamczewski\/wp-json\/wp\/v2\/tags?post=14808"}],"curies":[{"name":"wp","href":"https:\/\/api.w.org\/{rel}","templated":true}]}}