
{"id":14826,"date":"2015-05-18T07:00:03","date_gmt":"2015-05-18T05:00:03","guid":{"rendered":"http:\/\/adamczewski.blog.polityka.pl\/?p=14826"},"modified":"2015-05-18T12:04:02","modified_gmt":"2015-05-18T10:04:02","slug":"slepa-milosc","status":"publish","type":"post","link":"https:\/\/blog.polityka.pl\/adamczewski\/2015\/05\/18\/slepa-milosc\/","title":{"rendered":"\u015alepa mi\u0142o\u015b\u0107"},"content":{"rendered":"<p>Zdarzaj\u0105 si\u0119 ksi\u0105\u017cki pisane z mi\u0142o\u015bci. Z mi\u0142o\u015bci do cz\u0142owieka albo do miasta, okolicy, kraju czy wyspy. Najcz\u0119\u015bciej daje to op\u0142akane rezultaty, bo mi\u0142o\u015b\u0107 cz\u0119sto za\u015blepia. Jeszcze gorzej, gdy m\u0142ody, debiutuj\u0105cy autor nie ma talentu literackiego i s\u0142abo zna regu\u0142y rz\u0105dz\u0105ce j\u0119zykiem.<!--more--><a href=\"\/wp-content\/uploads\/2015\/05\/Kreta.jpg\"><img loading=\"lazy\" decoding=\"async\" src=\"\/wp-content\/uploads\/2015\/05\/Kreta-768x1024.jpg\" alt=\"OLYMPUS DIGITAL CAMERA\" width=\"620\" height=\"826\" class=\"aligncenter size-large wp-image-14822\" srcset=\"\/adamczewski\/wp-content\/uploads\/2015\/05\/Kreta-768x1024.jpg 768w, \/adamczewski\/wp-content\/uploads\/2015\/05\/Kreta-225x300.jpg 225w\" sizes=\"(max-width: 620px) 100vw, 620px\" \/><\/a>Trafi\u0142em w\u0142a\u015bnie na tak\u0105 ksi\u0105\u017ck\u0119 &#8211; napisan\u0105 przez m\u0142od\u0105 autork\u0119 u\u017cywaj\u0105c\u0105 do tworzenia g\u0142\u00f3wnie serca zamiast warsztatu pisarskiego i regu\u0142 polszczyzny. <\/p>\n<p>Mimo to ksi\u0105\u017ck\u0119 polecam. G\u0142\u00f3wnie ze wzgl\u0119du na spory zas\u00f3b informacji, kt\u00f3re co prawda z wielkim wysi\u0142kiem, ale mo\u017cna znale\u017a\u0107 na kartach tego dzie\u0142ka o Krecie. I tyle tylko, \u017ce czytelnik musi si\u0119 sporo nam\u0119czy\u0107, pokonuj\u0105c takie np. zdania: <\/p>\n<blockquote><p>Ukaza\u0142o mi si\u0119 inne oblicze wyspy, to dzikie, prymitywne, pozostawione czasowi i naturze. Pozna\u0142am Krete\u0144czyk\u00f3w \u017cyj\u0105cych w g\u00f3rach i na po\u0142udniu &#8211; ludzi dumnych, szczodrych ale i zawzi\u0119tych, zamkni\u0119tych w swoich tycich tyciutkich spo\u0142eczno\u015bciach. Zobaczy\u0142am ma\u0142e wioski, zima odci\u0119te od wiru codzienno\u015bci, kt\u00f3r\u0105 wszyscy znamy: zakorkowanych ulic, spiesz\u0105cych si\u0119 do pracy ludzi, sza\u0142u zakup\u00f3w, \u017cycia towarzyskiego. (&#8230;)Na tych wioskach wci\u0105\u017c \u017cywa jest historia vendetty &#8211; krwawych spor\u00f3w rodzinnych. Ich mieszka\u0144cy chodz\u0105 przyodziani na czarno i nie jest tajemnic\u0105, \u017ce w ka\u017cdym domu znajduje si\u0119 bro\u0144. Dzieciaki wypasaj\u0105 owce i \u00a0je\u017cd\u017c\u0105 po wioskowych drogach rolniczymi pick-upami.<\/p><\/blockquote>\n<p>Ten chaotyczny zapis autorskiego strumienia \u015bwiadomo\u015bci bywa trudny do zrozumienia. Dziwi tak\u017ce brak redaktorskiej adiustacji. Cho\u0107by w podpisach pod zdj\u0119ciami. Oto g\u0142owa krete\u0144skiej kozy przygl\u0105daj\u0105cej si\u0119 nadmorskim ska\u0142om nosi frapuj\u0105cy podpis: &#8222;Jedna z d\u0142ugich wycieczek po po\u0142udniu Krety&#8221;.<\/p>\n<p>Mimo tych mankament\u00f3w &#8211; jak ju\u017c wspomnia\u0142em &#8211;\u00a0polecam t\u0119 ksi\u0105\u017ck\u0119 wybieraj\u0105cym si\u0119 na urlop na najwi\u0119ksz\u0105 z greckich wysp. Nie jest ona bowiem pozbawiona wszelkich zalet. Jest tu bowiem \u015bwietny s\u0142owniczek, kt\u00f3ry turystom znad Wis\u0142y pomo\u017ce w kontaktach z wyspiarzami, a tak\u017ce spora gar\u015b\u0107 przepis\u00f3w miejscowej kuchni u\u0142atwiaj\u0105ca wyb\u00f3r da\u0144 w polecanych tawernach.<\/p>\n<p>Mo\u017cna je tak\u017ce odtworzy\u0107 po powrocie do domu, przed\u0142u\u017caj\u0105c w ten spos\u00f3b swoje krete\u0144skie wakacje. Zalet\u0105 ksi\u0105\u017cki s\u0105 te\u017c zdj\u0119cia zrobione przez zawodowego fotografika.<\/p>\n","protected":false},"excerpt":{"rendered":"<p>Zdarzaj\u0105 si\u0119 ksi\u0105\u017cki pisane z mi\u0142o\u015bci. Z mi\u0142o\u015bci do cz\u0142owieka albo do miasta, okolicy, kraju czy wyspy. Najcz\u0119\u015bciej daje to op\u0142akane rezultaty, bo mi\u0142o\u015b\u0107 cz\u0119sto za\u015blepia. Jeszcze gorzej, gdy m\u0142ody, debiutuj\u0105cy autor nie ma talentu literackiego i s\u0142abo zna regu\u0142y rz\u0105dz\u0105ce j\u0119zykiem.<\/p>\n","protected":false},"author":2,"featured_media":0,"comment_status":"open","ping_status":"closed","sticky":false,"template":"","format":"standard","meta":{"footnotes":""},"categories":[1],"tags":[],"_links":{"self":[{"href":"https:\/\/blog.polityka.pl\/adamczewski\/wp-json\/wp\/v2\/posts\/14826"}],"collection":[{"href":"https:\/\/blog.polityka.pl\/adamczewski\/wp-json\/wp\/v2\/posts"}],"about":[{"href":"https:\/\/blog.polityka.pl\/adamczewski\/wp-json\/wp\/v2\/types\/post"}],"author":[{"embeddable":true,"href":"https:\/\/blog.polityka.pl\/adamczewski\/wp-json\/wp\/v2\/users\/2"}],"replies":[{"embeddable":true,"href":"https:\/\/blog.polityka.pl\/adamczewski\/wp-json\/wp\/v2\/comments?post=14826"}],"version-history":[{"count":4,"href":"https:\/\/blog.polityka.pl\/adamczewski\/wp-json\/wp\/v2\/posts\/14826\/revisions"}],"predecessor-version":[{"id":14832,"href":"https:\/\/blog.polityka.pl\/adamczewski\/wp-json\/wp\/v2\/posts\/14826\/revisions\/14832"}],"wp:attachment":[{"href":"https:\/\/blog.polityka.pl\/adamczewski\/wp-json\/wp\/v2\/media?parent=14826"}],"wp:term":[{"taxonomy":"category","embeddable":true,"href":"https:\/\/blog.polityka.pl\/adamczewski\/wp-json\/wp\/v2\/categories?post=14826"},{"taxonomy":"post_tag","embeddable":true,"href":"https:\/\/blog.polityka.pl\/adamczewski\/wp-json\/wp\/v2\/tags?post=14826"}],"curies":[{"name":"wp","href":"https:\/\/api.w.org\/{rel}","templated":true}]}}