
{"id":14881,"date":"2015-05-27T07:00:05","date_gmt":"2015-05-27T05:00:05","guid":{"rendered":"http:\/\/adamczewski.blog.polityka.pl\/?p=14881"},"modified":"2015-05-27T10:32:43","modified_gmt":"2015-05-27T08:32:43","slug":"niespodziewany-grzyb-wyborczy","status":"publish","type":"post","link":"https:\/\/blog.polityka.pl\/adamczewski\/2015\/05\/27\/niespodziewany-grzyb-wyborczy\/","title":{"rendered":"Niespodziewany grzyb wyborczy"},"content":{"rendered":"<p>Zwykle m\u00f3wi si\u0119 o kie\u0142basie wyborczej. To obietnice, sk\u0142adane przez kandyduj\u0105cych na r\u00f3\u017cne stanowiska, o kt\u00f3rych zazwyczaj zapominaj\u0105 ju\u017c nast\u0119pnego dnia po wyborze. A i naiwni wyborcy niezbyt konsekwentnie domagaj\u0105 si\u0119 p\u00f3\u017aniej spe\u0142nienia obietnic.<br \/>\n<!--more--><br \/>\nU mnie pod domem (a g\u0142osowa\u0142em na wsi, legitymuj\u0105c si\u0119 specjalnym dokumentem pobranym wcze\u015bniej w urz\u0119dzie gminy Mokot\u00f3w) pi\u0119knym prezentem przedwyborczym obdarowa\u0142a mnie przyroda. W wysokiej trawie, po\u015br\u00f3d sosen i d\u0119b\u00f3w, wyr\u00f3s\u0142 wielkich rozmiar\u00f3w prawdziwek. W dodatku by\u0142 twardy i zdrowy. Wprawi\u0142 nas wszystkich w stan os\u0142upienia, bo to przecie\u017c dopiero trzeci tydzie\u0144 maja &#8211; a tu taka niespodzianka.<a href=\"\/wp-content\/uploads\/2015\/05\/Borowik-majowy-u-altana.jpg\"><img loading=\"lazy\" decoding=\"async\" src=\"\/wp-content\/uploads\/2015\/05\/Borowik-majowy-u-altana-1024x768.jpg\" alt=\"OLYMPUS DIGITAL CAMERA\" width=\"620\" height=\"465\" class=\"aligncenter size-large wp-image-14888\" srcset=\"\/adamczewski\/wp-content\/uploads\/2015\/05\/Borowik-majowy-u-altana-1024x768.jpg 1024w, \/adamczewski\/wp-content\/uploads\/2015\/05\/Borowik-majowy-u-altana-300x225.jpg 300w\" sizes=\"(max-width: 620px) 100vw, 620px\" \/><\/a>Uznali\u015bmy wi\u0119c, \u017ce to obietnica grzybnego roku, wi\u0119c tym ch\u0119tniej pobiegli\u015bmy do urn &#8211; wierz\u0105c, \u017ce nasz kandydat obdarowa\u0142 nas wystarczaj\u0105co wspaniale i musi zwyci\u0119\u017cy\u0107. Niestety spotka\u0142 nas zaw\u00f3d.<\/p>\n<p>Pierwszy borowik za\u015b\u00a0&#8211; rekompensuj\u0105c doznane rozczarowanie &#8211; nada\u0142 si\u0119 znakomicie do spa\u0142aszowania na surowo jako tzw. carpaccio.<\/p>\n<p><strong>Carpaccio z prawdziwk\u00f3w<\/strong><br \/>\n<em>2 spore prawdziwki, 5 dag sera pecorino, oliwa, sok z cytryny, s\u00f3l<\/em><\/p>\n<p>1. Grzyby oczy\u015bci\u0107, nie myj\u0105c, pokroi\u0107 w cienkie plasterki (wzd\u0142u\u017c, czyli na stoj\u0105cej n\u00f3\u017cce), u\u0142o\u017cy\u0107 na p\u00f3\u0142misku, posoli\u0107 delikatnie, skropi\u0107 cytryn\u0105 i wstawi\u0107 do lod\u00f3wki.<br \/>\n2. Po p\u00f3\u0142 godzinie wyj\u0105\u0107, posypa\u0107 p\u0142atkami cienko pokrojonego pecorino i pola\u0107 oliw\u0105. Podawa\u0107.<a href=\"\/wp-content\/uploads\/2011\/06\/Carpaccio-z-borowika-ogrodowego.jpg\"><img loading=\"lazy\" decoding=\"async\" class=\"aligncenter size-full wp-image-2763\" src=\"\/wp-content\/uploads\/2011\/06\/Carpaccio-z-borowika-ogrodowego.jpg\" alt=\"OLYMPUS DIGITAL CAMERA\" width=\"640\" height=\"480\" srcset=\"\/adamczewski\/wp-content\/uploads\/2011\/06\/Carpaccio-z-borowika-ogrodowego.jpg 640w, \/adamczewski\/wp-content\/uploads\/2011\/06\/Carpaccio-z-borowika-ogrodowego-300x225.jpg 300w\" sizes=\"(max-width: 640px) 100vw, 640px\" \/><\/a><\/p>\n","protected":false},"excerpt":{"rendered":"<p>Zwykle m\u00f3wi si\u0119 o kie\u0142basie wyborczej. To obietnice, sk\u0142adane przez kandyduj\u0105cych na r\u00f3\u017cne stanowiska, o kt\u00f3rych zazwyczaj zapominaj\u0105 ju\u017c nast\u0119pnego dnia po wyborze. A i naiwni wyborcy niezbyt konsekwentnie domagaj\u0105 si\u0119 p\u00f3\u017aniej spe\u0142nienia obietnic.<\/p>\n","protected":false},"author":2,"featured_media":0,"comment_status":"open","ping_status":"closed","sticky":false,"template":"","format":"standard","meta":{"footnotes":""},"categories":[1],"tags":[],"_links":{"self":[{"href":"https:\/\/blog.polityka.pl\/adamczewski\/wp-json\/wp\/v2\/posts\/14881"}],"collection":[{"href":"https:\/\/blog.polityka.pl\/adamczewski\/wp-json\/wp\/v2\/posts"}],"about":[{"href":"https:\/\/blog.polityka.pl\/adamczewski\/wp-json\/wp\/v2\/types\/post"}],"author":[{"embeddable":true,"href":"https:\/\/blog.polityka.pl\/adamczewski\/wp-json\/wp\/v2\/users\/2"}],"replies":[{"embeddable":true,"href":"https:\/\/blog.polityka.pl\/adamczewski\/wp-json\/wp\/v2\/comments?post=14881"}],"version-history":[{"count":8,"href":"https:\/\/blog.polityka.pl\/adamczewski\/wp-json\/wp\/v2\/posts\/14881\/revisions"}],"predecessor-version":[{"id":14883,"href":"https:\/\/blog.polityka.pl\/adamczewski\/wp-json\/wp\/v2\/posts\/14881\/revisions\/14883"}],"wp:attachment":[{"href":"https:\/\/blog.polityka.pl\/adamczewski\/wp-json\/wp\/v2\/media?parent=14881"}],"wp:term":[{"taxonomy":"category","embeddable":true,"href":"https:\/\/blog.polityka.pl\/adamczewski\/wp-json\/wp\/v2\/categories?post=14881"},{"taxonomy":"post_tag","embeddable":true,"href":"https:\/\/blog.polityka.pl\/adamczewski\/wp-json\/wp\/v2\/tags?post=14881"}],"curies":[{"name":"wp","href":"https:\/\/api.w.org\/{rel}","templated":true}]}}