
{"id":14911,"date":"2015-06-02T07:00:32","date_gmt":"2015-06-02T05:00:32","guid":{"rendered":"http:\/\/adamczewski.blog.polityka.pl\/?p=14911"},"modified":"2015-06-02T08:05:06","modified_gmt":"2015-06-02T06:05:06","slug":"wlasne-truskawki-sa-najsmaczniejsze","status":"publish","type":"post","link":"https:\/\/blog.polityka.pl\/adamczewski\/2015\/06\/02\/wlasne-truskawki-sa-najsmaczniejsze\/","title":{"rendered":"W\u0142asne truskawki s\u0105 najsmaczniejsze"},"content":{"rendered":"<p>Pomi\u0119dzy rz\u0119dami drzewek w sadzie rosn\u0105 truskawki. Nie jest ich tyle, ile na plantacjach pod Serockiem i Pu\u0142tuskiem, gdzie istnieje prawdziwe zag\u0142\u0119bie truskawkowe, ale wystarcza na w\u0142asne potrzeby.<br \/>\n<!--more--><br \/>\nNie bardzo wierzy\u0142em, \u017ce na tym kurpiowskim piasku, na kt\u00f3rym ch\u0119tnie rosn\u0105 tylko sosny i brzozy, udadz\u0105 si\u0119 te\u017c truskaweczki. A tymczasem?<a href=\"\/wp-content\/uploads\/2012\/06\/truskawki-1.jpg\"><img loading=\"lazy\" decoding=\"async\" class=\"aligncenter size-full wp-image-4735\" src=\"\/wp-content\/uploads\/2012\/06\/truskawki-1.jpg\" alt=\"Imacon Color Scanner\" width=\"640\" height=\"408\" srcset=\"\/adamczewski\/wp-content\/uploads\/2012\/06\/truskawki-1.jpg 640w, \/adamczewski\/wp-content\/uploads\/2012\/06\/truskawki-1-300x191.jpg 300w\" sizes=\"(max-width: 640px) 100vw, 640px\" \/><\/a>Do\u015b\u0107 by\u0142o kilka s\u0142onecznych dni, by na krzaczkach pojawi\u0142y si\u0119 najpierw zielone, a potem szybko czerwieniej\u0105ce owoce. I to mimo \u017ce dni nie by\u0142y zbyt ciep\u0142e, a noce s\u0105 wr\u0119cz zimne.<\/p>\n<p>Najpierw z pewn\u0105 rezerw\u0105 i l\u0119kiem po oczyszczeniu owoc\u00f3w ze z\u0142ocistego piasku sugeruj\u0105cego, \u017ce to nadba\u0142tycka pla\u017ca, a nie \u015br\u00f3dle\u015bny ogr\u00f3dek, rozgryzali\u015bmy pierwsze w\u0142asne truskaweczki. I wpadli\u015bmy w zachwyt. By\u0142y s\u0142odkie i aromatyczne. Nadawa\u0142y si\u0119 do natychmiastowego jedzenia, ale i do zdobienia ciast, tort\u00f3w, a tak\u017ce podawania w salaterce ze startym imbirem, posypane cukrem pudrem i skropione grapp\u0105. <\/p>\n<p>By\u0142y &#8211; naszym zdaniem &#8211; znacznie lepsze ni\u017c te wielkie, krwistoczerwone, przywo\u017cone z dalekiej Hiszpanii.<a href=\"\/wp-content\/uploads\/2012\/10\/Go\u015bcie-i-ciasto-ze-Stawiska-P6160242.jpg\"><img loading=\"lazy\" decoding=\"async\" class=\"aligncenter size-full wp-image-5333\" src=\"\/wp-content\/uploads\/2012\/10\/Go\u015bcie-i-ciasto-ze-Stawiska-P6160242.jpg\" alt=\"OLYMPUS DIGITAL CAMERA\" width=\"640\" height=\"480\" srcset=\"\/adamczewski\/wp-content\/uploads\/2012\/10\/Go\u015bcie-i-ciasto-ze-Stawiska-P6160242.jpg 640w, \/adamczewski\/wp-content\/uploads\/2012\/10\/Go\u015bcie-i-ciasto-ze-Stawiska-P6160242-300x225.jpg 300w\" sizes=\"(max-width: 640px) 100vw, 640px\" \/><\/a>W\u0142asne truskawki to to, co Kurpie lubi\u0105 najbardziej!<\/p>\n","protected":false},"excerpt":{"rendered":"<p>Pomi\u0119dzy rz\u0119dami drzewek w sadzie rosn\u0105 truskawki. Nie jest ich tyle, ile na plantacjach pod Serockiem i Pu\u0142tuskiem, gdzie istnieje prawdziwe zag\u0142\u0119bie truskawkowe, ale wystarcza na w\u0142asne potrzeby.<\/p>\n","protected":false},"author":2,"featured_media":0,"comment_status":"open","ping_status":"closed","sticky":false,"template":"","format":"standard","meta":{"footnotes":""},"categories":[1],"tags":[],"_links":{"self":[{"href":"https:\/\/blog.polityka.pl\/adamczewski\/wp-json\/wp\/v2\/posts\/14911"}],"collection":[{"href":"https:\/\/blog.polityka.pl\/adamczewski\/wp-json\/wp\/v2\/posts"}],"about":[{"href":"https:\/\/blog.polityka.pl\/adamczewski\/wp-json\/wp\/v2\/types\/post"}],"author":[{"embeddable":true,"href":"https:\/\/blog.polityka.pl\/adamczewski\/wp-json\/wp\/v2\/users\/2"}],"replies":[{"embeddable":true,"href":"https:\/\/blog.polityka.pl\/adamczewski\/wp-json\/wp\/v2\/comments?post=14911"}],"version-history":[{"count":5,"href":"https:\/\/blog.polityka.pl\/adamczewski\/wp-json\/wp\/v2\/posts\/14911\/revisions"}],"predecessor-version":[{"id":14913,"href":"https:\/\/blog.polityka.pl\/adamczewski\/wp-json\/wp\/v2\/posts\/14911\/revisions\/14913"}],"wp:attachment":[{"href":"https:\/\/blog.polityka.pl\/adamczewski\/wp-json\/wp\/v2\/media?parent=14911"}],"wp:term":[{"taxonomy":"category","embeddable":true,"href":"https:\/\/blog.polityka.pl\/adamczewski\/wp-json\/wp\/v2\/categories?post=14911"},{"taxonomy":"post_tag","embeddable":true,"href":"https:\/\/blog.polityka.pl\/adamczewski\/wp-json\/wp\/v2\/tags?post=14911"}],"curies":[{"name":"wp","href":"https:\/\/api.w.org\/{rel}","templated":true}]}}