
{"id":14938,"date":"2015-06-09T07:00:24","date_gmt":"2015-06-09T05:00:24","guid":{"rendered":"http:\/\/adamczewski.blog.polityka.pl\/?p=14938"},"modified":"2015-06-09T10:33:19","modified_gmt":"2015-06-09T08:33:19","slug":"nie-gascie-tego-pozaru","status":"publish","type":"post","link":"https:\/\/blog.polityka.pl\/adamczewski\/2015\/06\/09\/nie-gascie-tego-pozaru\/","title":{"rendered":"Nie ga\u015bcie tego po\u017caru"},"content":{"rendered":"<p>Po\u017car w burdelu winien jak ka\u017cdy inny po\u017car powodowa\u0107 odruch wzywania stra\u017cak\u00f3w i natychmiastowe pr\u00f3by gaszenia. W tym jednak przypadku domagam si\u0119 ca\u0142kowitego zakazu zlikwidowania tego \u017ar\u00f3d\u0142a ognia.<br \/>\n<!--more--><br \/>\n&#8222;Po\u017car w burdelu&#8221; od kilku ju\u017c sezon\u00f3w jest artystyczn\u0105 i towarzysk\u0105 sensacj\u0105 przekraczaj\u0105c\u0105 nawet granice Warszawy, mimo \u017ce kr\u00f3luje tu humor warszawski i widzowie spoza stolicy mog\u0105 czasem nie rozumie\u0107 kontekst\u00f3w z\u0142o\u015bliwo\u015bci i krytyki. Arty\u015bci jednak nie staraj\u0105 si\u0119 swych \u017cart\u00f3w upraszcza\u0107, u\u0142atwia\u0107 ich zrozumienia, a nawet ch\u0119tnie obra\u017caj\u0105 publiczno\u015b\u0107, kt\u00f3ra im wiele wybacza.<\/p>\n<p>Dlaczego za\u015b zajmuj\u0119 Pa\u0144stwa uwag\u0119 i czas opowiadaniem o tym, co widzia\u0142em i s\u0142ysza\u0142em na spektaklu &#8222;Herosi transformacji&#8221;? To proste: na widowni wolno (a nawet dobrze jest widziane) pi\u0107 wino lub inne p\u0142yny. Zupe\u0142nie jak w &#8222;Zielonym Baloniku&#8221; albo i &#8222;Pod Egid\u0105&#8221;. A to by\u0142y wzorce kabaretu literacko-politycznego, w odr\u00f3\u017cnieniu od wszelkiego ch\u0142amu lansowanego przez stacje telewizyjne i pseudofestiwale humoru. <\/p>\n<p>Micha\u0142 Walczak i Maciej \u0141ubie\u0144ski &#8211; dwa filary &#8222;Po\u017caru&#8221; &#8211; zgromadzili wspania\u0142y zesp\u00f3\u0142 niezwykle utalentowanych aktor\u00f3w, w\u015br\u00f3d kt\u00f3rych nie mo\u017cna nikogo wyr\u00f3\u017cni\u0107, by nie krzywdzi\u0107 pozosta\u0142ych r\u00f3wnie uzdolnionych artyst\u00f3w.<\/p>\n<p>Aktorzy i autorzy reaguj\u0105 na wszystkie bie\u017c\u0105ce wydarzenia polityczne i spo\u0142eczne. Jest wi\u0119c uwodzicielski Kukiz, rozmem\u0142any Komorowski, zadufana Gronkiewicz-Waltz i kr\u00f3luj\u0105cy na scenie Balcerowicz, wszystkowiedz\u0105ca Agora no i MY.<\/p>\n<p>Kl\u0119kam jednak zw\u0142aszcza przed Andrzejem Konopk\u0105, kt\u00f3ry jest wsp\u00f3\u0142prowadz\u0105cym spektakl i na koniec \u017cegna\u0142 publik\u0119 kazaniem, wcielaj\u0105c si\u0119 w Duszpasterza Hipster\u00f3w.<\/p>\n<p>Mimo \u017ce &#8222;Po\u017car w burdelu&#8221; drwi establishmentu i warszawskich elit obficie t\u0142ocz\u0105cych si\u0119 na ciasnej widowni, huragan braw nie s\u0142abnie ani na moment. Mam nadziej\u0119, \u017ce kolejne spektakle b\u0119d\u0105 nie mniej udane. Nadzieja ta wzmacniana jest bie\u017c\u0105cymi wydarzeniami i komentarzami prasowymi na ten temat. <\/p>\n<p>Dop\u00f3ki prezydent elekt b\u0119dzie, rzucaj\u0105c si\u0119 szczupakiem, ratowa\u0142 hosti\u0119 wypadaj\u0105c\u0105 z r\u0105k ksi\u0119dza, co dowodzi, \u017ce jest on autentycznym obro\u0144c\u0105-rycerzem wiary, a dziennikarze niepokorni b\u0119d\u0105 kl\u0119cz\u0105c przed najwy\u017cszym urz\u0119dnikiem, opisywa\u0107 to ze wzruszeniem, tak d\u0142ugo Walczak, \u0141ubie\u0144ski i sp\u00f3\u0142ka b\u0119d\u0105 \u015bwi\u0119ci\u0107 artystyczne triumfy.<\/p>\n","protected":false},"excerpt":{"rendered":"<p>Po\u017car w burdelu winien jak ka\u017cdy inny po\u017car powodowa\u0107 odruch wzywania stra\u017cak\u00f3w i natychmiastowe pr\u00f3by gaszenia. W tym jednak przypadku domagam si\u0119 ca\u0142kowitego zakazu zlikwidowania tego \u017ar\u00f3d\u0142a ognia.<\/p>\n","protected":false},"author":2,"featured_media":0,"comment_status":"open","ping_status":"closed","sticky":false,"template":"","format":"standard","meta":{"footnotes":""},"categories":[1],"tags":[],"_links":{"self":[{"href":"https:\/\/blog.polityka.pl\/adamczewski\/wp-json\/wp\/v2\/posts\/14938"}],"collection":[{"href":"https:\/\/blog.polityka.pl\/adamczewski\/wp-json\/wp\/v2\/posts"}],"about":[{"href":"https:\/\/blog.polityka.pl\/adamczewski\/wp-json\/wp\/v2\/types\/post"}],"author":[{"embeddable":true,"href":"https:\/\/blog.polityka.pl\/adamczewski\/wp-json\/wp\/v2\/users\/2"}],"replies":[{"embeddable":true,"href":"https:\/\/blog.polityka.pl\/adamczewski\/wp-json\/wp\/v2\/comments?post=14938"}],"version-history":[{"count":6,"href":"https:\/\/blog.polityka.pl\/adamczewski\/wp-json\/wp\/v2\/posts\/14938\/revisions"}],"predecessor-version":[{"id":14940,"href":"https:\/\/blog.polityka.pl\/adamczewski\/wp-json\/wp\/v2\/posts\/14938\/revisions\/14940"}],"wp:attachment":[{"href":"https:\/\/blog.polityka.pl\/adamczewski\/wp-json\/wp\/v2\/media?parent=14938"}],"wp:term":[{"taxonomy":"category","embeddable":true,"href":"https:\/\/blog.polityka.pl\/adamczewski\/wp-json\/wp\/v2\/categories?post=14938"},{"taxonomy":"post_tag","embeddable":true,"href":"https:\/\/blog.polityka.pl\/adamczewski\/wp-json\/wp\/v2\/tags?post=14938"}],"curies":[{"name":"wp","href":"https:\/\/api.w.org\/{rel}","templated":true}]}}