
{"id":14955,"date":"2015-06-11T07:00:05","date_gmt":"2015-06-11T05:00:05","guid":{"rendered":"http:\/\/adamczewski.blog.polityka.pl\/?p=14955"},"modified":"2015-06-14T13:22:31","modified_gmt":"2015-06-14T11:22:31","slug":"co-sie-dzieje-z-tym-swiatem-wino-rosnie-w-zimnej-patagonii-cheddar-robia-w-wawolnicy","status":"publish","type":"post","link":"https:\/\/blog.polityka.pl\/adamczewski\/2015\/06\/11\/co-sie-dzieje-z-tym-swiatem-wino-rosnie-w-zimnej-patagonii-cheddar-robia-w-wawolnicy\/","title":{"rendered":"Co si\u0119 dzieje z tym \u015bwiatem: wino ro\u015bnie w zimnej Patagonii, cheddar robi\u0105 w W\u0105wolnicy!"},"content":{"rendered":"<p><a href=\"\/wp-content\/uploads\/2015\/06\/czas-wina-blog.jpg\"><img loading=\"lazy\" decoding=\"async\" src=\"\/wp-content\/uploads\/2015\/06\/czas-wina-blog.jpg\" alt=\"czas wina blog\" width=\"640\" height=\"795\" class=\"aligncenter size-full wp-image-14957\" srcset=\"\/adamczewski\/wp-content\/uploads\/2015\/06\/czas-wina-blog.jpg 640w, \/adamczewski\/wp-content\/uploads\/2015\/06\/czas-wina-blog-241x300.jpg 241w\" sizes=\"(max-width: 640px) 100vw, 640px\" \/><\/a>Zupe\u0142nie nie mam czasu na porz\u0105dn\u0105 prac\u0119. Co wr\u00f3c\u0119 na wie\u015b i si\u0105d\u0119 do komputera, to wzywaj\u0105 mnie zn\u00f3w do Warszawy.<br \/>\n<!--more--><br \/>\nTo miotanie si\u0119 w te i wewte jest deprymuj\u0105ce. Na dodatek w stolicy nigdy nie czeka\u0142o mnie nic przyjemnego ani smacznego. Same zakalce.<\/p>\n<p>Dzi\u015b wi\u0119c, tu\u017c przed drog\u0105, wrzucam tu ok\u0142adk\u0119 nowego numeru &#8222;Czasu Wina&#8221;, pisma, kt\u00f3re godne jest uwagi i wnikliwej lektury &#8211; polecam arcyciekawe teksty o winach produkowanych w lodowatej Patagonii, czyli na ko\u0144cu \u015bwiata, oraz artykulik o polskich szale\u0144cach produkuj\u0105cych najprawdziwszy cheddar. Robi\u0105 to w W\u0105wolnicy w wojew\u00f3dztwie lubelskim, zaledwie 267 km od Krakowa. Warto wi\u0119c w letnich podr\u00f3\u017cach zawadzi\u0107 o W\u0105wolnic\u0119. Do Patagonii jest chyba za daleko.<\/p>\n<p>W tym samym numerze mo\u017cna poczyta\u0107 o winnicach wok\u00f3\u0142 Lizbony, a tak\u017ce &#8211; poniewa\u017c zbli\u017ca si\u0119 sezon upa\u0142\u00f3w &#8211; o winach r\u00f3\u017cowych.<\/p>\n","protected":false},"excerpt":{"rendered":"<p>Zupe\u0142nie nie mam czasu na porz\u0105dn\u0105 prac\u0119. Co wr\u00f3c\u0119 na wie\u015b i si\u0105d\u0119 do komputera, to wzywaj\u0105 mnie zn\u00f3w do Warszawy.<\/p>\n","protected":false},"author":2,"featured_media":0,"comment_status":"open","ping_status":"closed","sticky":false,"template":"","format":"standard","meta":{"footnotes":""},"categories":[1],"tags":[],"_links":{"self":[{"href":"https:\/\/blog.polityka.pl\/adamczewski\/wp-json\/wp\/v2\/posts\/14955"}],"collection":[{"href":"https:\/\/blog.polityka.pl\/adamczewski\/wp-json\/wp\/v2\/posts"}],"about":[{"href":"https:\/\/blog.polityka.pl\/adamczewski\/wp-json\/wp\/v2\/types\/post"}],"author":[{"embeddable":true,"href":"https:\/\/blog.polityka.pl\/adamczewski\/wp-json\/wp\/v2\/users\/2"}],"replies":[{"embeddable":true,"href":"https:\/\/blog.polityka.pl\/adamczewski\/wp-json\/wp\/v2\/comments?post=14955"}],"version-history":[{"count":5,"href":"https:\/\/blog.polityka.pl\/adamczewski\/wp-json\/wp\/v2\/posts\/14955\/revisions"}],"predecessor-version":[{"id":14975,"href":"https:\/\/blog.polityka.pl\/adamczewski\/wp-json\/wp\/v2\/posts\/14955\/revisions\/14975"}],"wp:attachment":[{"href":"https:\/\/blog.polityka.pl\/adamczewski\/wp-json\/wp\/v2\/media?parent=14955"}],"wp:term":[{"taxonomy":"category","embeddable":true,"href":"https:\/\/blog.polityka.pl\/adamczewski\/wp-json\/wp\/v2\/categories?post=14955"},{"taxonomy":"post_tag","embeddable":true,"href":"https:\/\/blog.polityka.pl\/adamczewski\/wp-json\/wp\/v2\/tags?post=14955"}],"curies":[{"name":"wp","href":"https:\/\/api.w.org\/{rel}","templated":true}]}}