
{"id":14960,"date":"2015-06-12T07:00:21","date_gmt":"2015-06-12T05:00:21","guid":{"rendered":"http:\/\/adamczewski.blog.polityka.pl\/?p=14960"},"modified":"2015-06-14T13:19:36","modified_gmt":"2015-06-14T11:19:36","slug":"wody-brak-nie-tylko-na-saharze","status":"publish","type":"post","link":"https:\/\/blog.polityka.pl\/adamczewski\/2015\/06\/12\/wody-brak-nie-tylko-na-saharze\/","title":{"rendered":"Wody brak nie tylko na Saharze"},"content":{"rendered":"<p>Zawsze chwali\u0142em si\u0119 wod\u0105 wydobywan\u0105 z mojej studni. Mia\u0142a ona wspania\u0142y smak, by\u0142a krystalicznie czysta, a jej ch\u0142\u00f3d gasi\u0142 pragnienie nawet w nocy.<br \/>\n<!--more--><br \/>\nPrzed rokiem (a mo\u017ce nawet przed dwoma laty?) w mojej gminie zacz\u0119to rozbudowywa\u0107 wodoci\u0105g. Nie mia\u0142em ochoty na t\u0119 inwestycj\u0119, ale uleg\u0142em namowie s\u0105siad\u00f3w, kt\u00f3rzy twierdzili, \u017ce w ten spos\u00f3b zwi\u0119kszy si\u0119 bezpiecze\u0144stwo przeciwpo\u017carowe, bo nad naszym p\u0142otem stanie kran, z kt\u00f3rego b\u0119d\u0105 mog\u0142y w razie potrzeby korzysta\u0107 wozy stra\u017cackie. W dodatku ka\u017cdy nowy uczestnik inwestycji obni\u017ca jej koszty i wszyscy zap\u0142acimy mniej.<\/p>\n<p>Uleg\u0142em tym namowom i przez kilka miesi\u0119cy mia\u0142em a\u017c dwa \u017ar\u00f3d\u0142a wody: moj\u0105 w\u0142asn\u0105 pomp\u0119 z silnikiem elektrycznym oraz wod\u0119 gminn\u0105 doprowadzon\u0105 rurami. Koszt s\u0105siedzkiej inwestycji si\u0119 obni\u017cy\u0142, ale bezpiecze\u0144stwo przeciwpo\u017carowe nie wzros\u0142o, bo uj\u0119cie dla stra\u017cy by\u0142o zaplanowane przy zupe\u0142nie innym p\u0142ocie. Nie narzeka\u0142em jednak i korzysta\u0142em z obydwu \u017ar\u00f3de\u0142ek: do picia i gotowania z w\u0142asnego, a do podlewania i basenu z wiejskiego.<\/p>\n<p>Wczesn\u0105 wiosn\u0105 silnik do mojej pompy spali\u0142 si\u0119. Nie przerazi\u0142o mnie to wcale, bo przecie\u017c mia\u0142em drugie \u017ar\u00f3de\u0142ko &#8211; wiejskie. Nie zabiera\u0142em si\u0119 wi\u0119c do wymiany pompy, tylko czerpa\u0142em wod\u0119 z wodoci\u0105gu.<\/p>\n<p>W ostatnich dniach zacz\u0119\u0142y si\u0119 jednak k\u0142opoty. Urz\u0105d gminny og\u0142osi\u0142, \u017ce b\u0119d\u0105 przerwy w dostawie wody i obni\u017cone zostanie ci\u015bnienie. Okaza\u0142o si\u0119, \u017ce (zw\u0142aszcza letnicy z Warszawy) u\u017cywaj\u0105 za du\u017co wody. Myj\u0105 si\u0119 par\u0119 razy dziennie i polewaj\u0105 trawniki oraz uprawy.<\/p>\n<p>Woda wodoci\u0105gowa straci\u0142a te\u017c swoj\u0105 przezroczysto\u015b\u0107, a naczynia, w kt\u00f3rych j\u0105 gotowali\u015bmy, i szklanki zacz\u0119\u0142y pokrywa\u0107 si\u0119 bia\u0142awym osadem. Straci\u0142em wi\u0119c na ni\u0105 apetyt i pan Rafa\u0142, m\u0142ody hydraulik, zamontowa\u0142 w mojej piwnicy nowy silnik z nowoczesnym zbiornikiem. I zn\u00f3w mog\u0119 rozkoszowa\u0107 si\u0119 pyszn\u0105 wod\u0105. Z wodoci\u0105gu nie korzystam (b\u0119d\u0105 ni\u017csze rachunki) ku rado\u015bci innych u\u017cytkownik\u00f3w, kt\u00f3rzy licz\u0105 na wzrost ci\u015bnienia w rurach.<\/p>\n<p>Ta przygoda u\u015bwiadomi\u0142a mi, jakim dobrem jest woda. I &#8211; mimo \u017ce mam jej zn\u00f3w pod dostatkiem &#8211; b\u0119d\u0119 korzysta\u0142 z niej znacznie racjonalniej ni\u017c dotychczas.<\/p>\n<p>Zakr\u0119cajcie krany, wymieniajcie uszczelki, nie marnujcie wody \u017cycia!<\/p>\n","protected":false},"excerpt":{"rendered":"<p>Zawsze chwali\u0142em si\u0119 wod\u0105 wydobywan\u0105 z mojej studni. Mia\u0142a ona wspania\u0142y smak, by\u0142a krystalicznie czysta, a jej ch\u0142\u00f3d gasi\u0142 pragnienie nawet w nocy.<\/p>\n","protected":false},"author":2,"featured_media":0,"comment_status":"open","ping_status":"closed","sticky":false,"template":"","format":"standard","meta":{"footnotes":""},"categories":[1],"tags":[],"_links":{"self":[{"href":"https:\/\/blog.polityka.pl\/adamczewski\/wp-json\/wp\/v2\/posts\/14960"}],"collection":[{"href":"https:\/\/blog.polityka.pl\/adamczewski\/wp-json\/wp\/v2\/posts"}],"about":[{"href":"https:\/\/blog.polityka.pl\/adamczewski\/wp-json\/wp\/v2\/types\/post"}],"author":[{"embeddable":true,"href":"https:\/\/blog.polityka.pl\/adamczewski\/wp-json\/wp\/v2\/users\/2"}],"replies":[{"embeddable":true,"href":"https:\/\/blog.polityka.pl\/adamczewski\/wp-json\/wp\/v2\/comments?post=14960"}],"version-history":[{"count":3,"href":"https:\/\/blog.polityka.pl\/adamczewski\/wp-json\/wp\/v2\/posts\/14960\/revisions"}],"predecessor-version":[{"id":14973,"href":"https:\/\/blog.polityka.pl\/adamczewski\/wp-json\/wp\/v2\/posts\/14960\/revisions\/14973"}],"wp:attachment":[{"href":"https:\/\/blog.polityka.pl\/adamczewski\/wp-json\/wp\/v2\/media?parent=14960"}],"wp:term":[{"taxonomy":"category","embeddable":true,"href":"https:\/\/blog.polityka.pl\/adamczewski\/wp-json\/wp\/v2\/categories?post=14960"},{"taxonomy":"post_tag","embeddable":true,"href":"https:\/\/blog.polityka.pl\/adamczewski\/wp-json\/wp\/v2\/tags?post=14960"}],"curies":[{"name":"wp","href":"https:\/\/api.w.org\/{rel}","templated":true}]}}