
{"id":14963,"date":"2015-06-16T07:00:35","date_gmt":"2015-06-16T05:00:35","guid":{"rendered":"http:\/\/adamczewski.blog.polityka.pl\/?p=14963"},"modified":"2015-06-14T13:29:23","modified_gmt":"2015-06-14T11:29:23","slug":"oblezenia-pultuska","status":"publish","type":"post","link":"https:\/\/blog.polityka.pl\/adamczewski\/2015\/06\/16\/oblezenia-pultuska\/","title":{"rendered":"Obl\u0119\u017cenia Pu\u0142tuska"},"content":{"rendered":"<p>Tu prowadzi\u0142 wojn\u0119 Napoleon. S\u0105 tablice upami\u0119tniaj\u0105ce pobyt cesarza Francuz\u00f3w w pi\u0119knym mie\u015bcie nad Narwi\u0105. Potem przetacza\u0142y si\u0119 wojska uczestnicz\u0105ce w pierwszej i drugiej wojnie \u015bwiatowej.<br \/>\n<!--more--><br \/>\nW czasach PRL miasto spustoszy\u0142a pow\u00f3d\u017a, co te\u017c odnotowano stosownymi inskrypcjami na murach. Pu\u0142tuszczanie wszystkie te kl\u0119ski prze\u017cyli i dzi\u015b ich miasto jest kwitn\u0105cym o\u015brodkiem turystycznym i centrum handlowym dla ca\u0142ej okolicy, czyli kilkudziesi\u0119ciu tysi\u0119cy letnik\u00f3w mieszkaj\u0105cych w otaczaj\u0105cych gminach.<a href=\"\/wp-content\/uploads\/2015\/04\/Pultusk_fot-Stanislaw-Ciok-1.jpg\"><img loading=\"lazy\" decoding=\"async\" class=\"aligncenter size-large wp-image-14681\" src=\"\/wp-content\/uploads\/2015\/04\/Pultusk_fot-Stanislaw-Ciok-1-1024x649.jpg\" alt=\"Pultusk_fot Stanislaw Ciok 1\" width=\"620\" height=\"392\" srcset=\"\/adamczewski\/wp-content\/uploads\/2015\/04\/Pultusk_fot-Stanislaw-Ciok-1-1024x649.jpg 1024w, \/adamczewski\/wp-content\/uploads\/2015\/04\/Pultusk_fot-Stanislaw-Ciok-1-300x190.jpg 300w, \/adamczewski\/wp-content\/uploads\/2015\/04\/Pultusk_fot-Stanislaw-Ciok-1.jpg 1772w\" sizes=\"(max-width: 620px) 100vw, 620px\" \/><\/a><em>Pu\u0142tuski Rynek (fot. Stanis\u0142aw Ciok)<\/em><\/p>\n<p>W nadchodz\u0105c\u0105 sobot\u0119 Pu\u0142tusk przypomni swym mieszka\u0144com czasy obl\u0119\u017cenia. Miasto b\u0119dzie zamkni\u0119te, targowisko na Rynku nieczynne, sklepy wok\u00f3\u0142 pozamykane. A wszystko z powodu wizyty \u015bwi\u0119tego obrazu i towarzysz\u0105cego mu orszaku 50 biskup\u00f3w. Kupcy kln\u0105 (ale po cichutku, by nie narazi\u0107 si\u0119 hierarchom), ludno\u015b\u0107 narzeka, a mieszka\u0144cy okolicznych wsi przypomn\u0105 sobie dawne czasy, gdy to wszystkie produkty \u017cywno\u015bciowe trzeba by\u0142o dowozi\u0107 z Warszawy.<\/p>\n<p>Niestety nie opisz\u0119 tego wydarzenia, bo nie wybieram si\u0119 na uroczysto\u015bci. Mam nadziej\u0119, \u017ce do mojej wsi nawet jej echa nie dotr\u0105. Nie chcia\u0142bym bowiem, by przestraszy\u0142y si\u0119 sarny, kt\u00f3re teraz je\u017cd\u017c\u0105c do Pu\u0142tuska, stale spotykam w r\u00f3\u017cnych punktach \u0142\u0105k i na le\u015bnych przecinkach. Zatrzymuj\u0119 si\u0119 w\u00f3wczas i patrzymy na siebie z przyja\u017ani\u0105. Czasem nawet robi\u0119 im zdj\u0119cia, na co te\u017c pozwalaj\u0105, byle nie wysiada\u0107 z auta.<\/p>\n<p>Jest w Pu\u0142tusku jednak lokalna prasa. Mo\u017ce wi\u0119c na jej \u0142amach uda mi si\u0119 poczyta\u0107, jak miasto znios\u0142o najazd purpurat\u00f3w.<\/p>\n","protected":false},"excerpt":{"rendered":"<p>Tu prowadzi\u0142 wojn\u0119 Napoleon. S\u0105 tablice upami\u0119tniaj\u0105ce pobyt cesarza Francuz\u00f3w w pi\u0119knym mie\u015bcie nad Narwi\u0105. Potem przetacza\u0142y si\u0119 wojska uczestnicz\u0105ce w pierwszej i drugiej wojnie \u015bwiatowej.<\/p>\n","protected":false},"author":2,"featured_media":0,"comment_status":"open","ping_status":"closed","sticky":false,"template":"","format":"standard","meta":{"footnotes":""},"categories":[1],"tags":[],"_links":{"self":[{"href":"https:\/\/blog.polityka.pl\/adamczewski\/wp-json\/wp\/v2\/posts\/14963"}],"collection":[{"href":"https:\/\/blog.polityka.pl\/adamczewski\/wp-json\/wp\/v2\/posts"}],"about":[{"href":"https:\/\/blog.polityka.pl\/adamczewski\/wp-json\/wp\/v2\/types\/post"}],"author":[{"embeddable":true,"href":"https:\/\/blog.polityka.pl\/adamczewski\/wp-json\/wp\/v2\/users\/2"}],"replies":[{"embeddable":true,"href":"https:\/\/blog.polityka.pl\/adamczewski\/wp-json\/wp\/v2\/comments?post=14963"}],"version-history":[{"count":4,"href":"https:\/\/blog.polityka.pl\/adamczewski\/wp-json\/wp\/v2\/posts\/14963\/revisions"}],"predecessor-version":[{"id":14984,"href":"https:\/\/blog.polityka.pl\/adamczewski\/wp-json\/wp\/v2\/posts\/14963\/revisions\/14984"}],"wp:attachment":[{"href":"https:\/\/blog.polityka.pl\/adamczewski\/wp-json\/wp\/v2\/media?parent=14963"}],"wp:term":[{"taxonomy":"category","embeddable":true,"href":"https:\/\/blog.polityka.pl\/adamczewski\/wp-json\/wp\/v2\/categories?post=14963"},{"taxonomy":"post_tag","embeddable":true,"href":"https:\/\/blog.polityka.pl\/adamczewski\/wp-json\/wp\/v2\/tags?post=14963"}],"curies":[{"name":"wp","href":"https:\/\/api.w.org\/{rel}","templated":true}]}}