
{"id":14985,"date":"2015-06-18T07:00:13","date_gmt":"2015-06-18T05:00:13","guid":{"rendered":"http:\/\/adamczewski.blog.polityka.pl\/?p=14985"},"modified":"2015-06-21T08:25:22","modified_gmt":"2015-06-21T06:25:22","slug":"patrz-pod-nogi-wedrowcze","status":"publish","type":"post","link":"https:\/\/blog.polityka.pl\/adamczewski\/2015\/06\/18\/patrz-pod-nogi-wedrowcze\/","title":{"rendered":"Patrz pod nogi w\u0119drowcze!"},"content":{"rendered":"<p>W moim lesie rozrasta si\u0119 &#8222;plantacja&#8221; poziomek. Cudzys\u0142\u00f3w wyja\u015bnia chyba, \u017ce to dziko rosn\u0105ce krzaczki, kt\u00f3rych co rok przybywa.<br \/>\n<!--more--><br \/>\nDzi\u015b uzbiera\u0142em p\u00f3\u0142 kubeczka czerwonych i niezwykle aromatycznych jag\u00f3d. Te poziomki s\u0105 znacznie smaczniejsze ni\u017c ogrodowe. I du\u017co pi\u0119kniej pachn\u0105.<a href=\"\/wp-content\/uploads\/2012\/06\/Poziomki-w-\u0141\u0119cinie.jpg\"><img loading=\"lazy\" decoding=\"async\" class=\"aligncenter size-full wp-image-4731\" src=\"\/wp-content\/uploads\/2012\/06\/Poziomki-w-\u0141\u0119cinie.jpg\" alt=\"Poziomki w \u0141\u0119cinie\" width=\"640\" height=\"427\" srcset=\"\/adamczewski\/wp-content\/uploads\/2012\/06\/Poziomki-w-\u0141\u0119cinie.jpg 640w, \/adamczewski\/wp-content\/uploads\/2012\/06\/Poziomki-w-\u0141\u0119cinie-300x200.jpg 300w\" sizes=\"(max-width: 640px) 100vw, 640px\" \/><\/a>Ju\u017c sobie wyobra\u017cam, jak b\u0119d\u0105 smakowa\u0142y moje w\u0142asne konfitury poziomkowe albo likier. Tyle tylko, \u017ce na takie plony mog\u0119 liczy\u0107 pewnie za rok lub nawet dwa. Tymczasem wi\u0119c obdzielam zebranymi poziomkami rodzin\u0119. G\u0142\u00f3wnie najm\u0142odsze pokolenie.<\/p>\n<p>Wszystkim te\u017c surowo przykazuj\u0119, by w\u0119druj\u0105c z parkingu do domu, uwa\u017cnie patrzyli pod nogi, bo poziomki wybra\u0142y sobie w\u0142a\u015bnie miejsce wzd\u0142u\u017c \u015bcie\u017cki. Ciekawe, czy dojd\u0105 do samego progu i w\u00f3wczas b\u0119dzie mo\u017cna zbiera\u0107 je, ledwo wysun\u0105wszy nos z werandy.<\/p>\n<p>Mam nadziej\u0119, \u017ce sezon poziomkowy jeszcze potrwa i b\u0119dzie ich tyle, \u017ce wystarczy czerwonych jag\u00f3d i dla mnie.<\/p>\n","protected":false},"excerpt":{"rendered":"<p>W moim lesie rozrasta si\u0119 &#8222;plantacja&#8221; poziomek. Cudzys\u0142\u00f3w wyja\u015bnia chyba, \u017ce to dziko rosn\u0105ce krzaczki, kt\u00f3rych co rok przybywa.<\/p>\n","protected":false},"author":2,"featured_media":0,"comment_status":"open","ping_status":"closed","sticky":false,"template":"","format":"standard","meta":{"footnotes":""},"categories":[1],"tags":[],"_links":{"self":[{"href":"https:\/\/blog.polityka.pl\/adamczewski\/wp-json\/wp\/v2\/posts\/14985"}],"collection":[{"href":"https:\/\/blog.polityka.pl\/adamczewski\/wp-json\/wp\/v2\/posts"}],"about":[{"href":"https:\/\/blog.polityka.pl\/adamczewski\/wp-json\/wp\/v2\/types\/post"}],"author":[{"embeddable":true,"href":"https:\/\/blog.polityka.pl\/adamczewski\/wp-json\/wp\/v2\/users\/2"}],"replies":[{"embeddable":true,"href":"https:\/\/blog.polityka.pl\/adamczewski\/wp-json\/wp\/v2\/comments?post=14985"}],"version-history":[{"count":3,"href":"https:\/\/blog.polityka.pl\/adamczewski\/wp-json\/wp\/v2\/posts\/14985\/revisions"}],"predecessor-version":[{"id":14996,"href":"https:\/\/blog.polityka.pl\/adamczewski\/wp-json\/wp\/v2\/posts\/14985\/revisions\/14996"}],"wp:attachment":[{"href":"https:\/\/blog.polityka.pl\/adamczewski\/wp-json\/wp\/v2\/media?parent=14985"}],"wp:term":[{"taxonomy":"category","embeddable":true,"href":"https:\/\/blog.polityka.pl\/adamczewski\/wp-json\/wp\/v2\/categories?post=14985"},{"taxonomy":"post_tag","embeddable":true,"href":"https:\/\/blog.polityka.pl\/adamczewski\/wp-json\/wp\/v2\/tags?post=14985"}],"curies":[{"name":"wp","href":"https:\/\/api.w.org\/{rel}","templated":true}]}}