
{"id":15007,"date":"2015-06-23T07:00:29","date_gmt":"2015-06-23T05:00:29","guid":{"rendered":"http:\/\/adamczewski.blog.polityka.pl\/?p=15007"},"modified":"2015-06-23T11:51:38","modified_gmt":"2015-06-23T09:51:38","slug":"dlaczego-wazna-jest-smukla-sylwetka","status":"publish","type":"post","link":"https:\/\/blog.polityka.pl\/adamczewski\/2015\/06\/23\/dlaczego-wazna-jest-smukla-sylwetka\/","title":{"rendered":"Dlaczego wa\u017cna jest smuk\u0142a sylwetka"},"content":{"rendered":"<p>Dosta\u0142em w\u0142a\u015bnie od Dostojnego Jubilata ksi\u0105\u017ceczk\u0119, kt\u00f3ra wysz\u0142a na Jego cze\u015b\u0107, czyli na siedemdziesi\u0105te urodziny (Listy od przyjaci\u00f3\u0142).<br \/>\n<!--more--><br \/>\nCa\u0142a &#8211; jak to bywa z takimi ksi\u0119gami &#8211; po\u015bwi\u0119cona jest jego dokonaniom w sferze naukowej, obyczajowej, pisarskiej. W\u015br\u00f3d autor\u00f3w znale\u017ali si\u0119 bli\u017csi przyjaciele i dalsi znajomi, ludzie powszechnie znani i zupe\u0142nie anonimowi. W\u015br\u00f3d kre\u015bl\u0105cych \u017cyciorys pe\u0142en zakr\u0119t\u00f3w naszego bohatera s\u0105 m.in. Magda \u015aroda, Maciej Wierzy\u0144ski, Jerzy Axer, Jacek Boche\u0144ski, Zbigniew Bujak, Halina Bortnowska, Marcin Kr\u00f3l, Monika P\u0142atek, Marek Safjan, Krzysztof Penderecki, Pawe\u0142 Moczyd\u0142owski&#8230;<a href=\"\/wp-content\/uploads\/2015\/06\/Wiktor-Osiatynski-_fot-Leszek-Zych-1.jpg.jpg\"><img loading=\"lazy\" decoding=\"async\" class=\"aligncenter size-large wp-image-15013\" src=\"\/wp-content\/uploads\/2015\/06\/Wiktor-Osiatynski-_fot-Leszek-Zych-1.jpg-1024x667.jpg\" alt=\"osiatynski fot zych\" width=\"620\" height=\"403\" srcset=\"\/adamczewski\/wp-content\/uploads\/2015\/06\/Wiktor-Osiatynski-_fot-Leszek-Zych-1.jpg-1024x667.jpg 1024w, \/adamczewski\/wp-content\/uploads\/2015\/06\/Wiktor-Osiatynski-_fot-Leszek-Zych-1.jpg-300x195.jpg 300w, \/adamczewski\/wp-content\/uploads\/2015\/06\/Wiktor-Osiatynski-_fot-Leszek-Zych-1.jpg.jpg 1299w\" sizes=\"(max-width: 620px) 100vw, 620px\" \/><\/a>Ja za\u015b, jako \u017ce przyja\u017ani\u0119 si\u0119 z Jubilatem od niemal p\u00f3\u0142wiecza, napisa\u0142em o nim tak:<\/p>\n<p>By\u0142y to lata siedemdziesi\u0105te, Wiktor Osiaty\u0144ski &#8211; w\u00f3wczas prosty doktor i redaktor tygodnika &#8222;Kultura&#8221; &#8211; czarowa\u0142 dziewczyny, zw\u0142aszcza m\u0142ode poetki i pocz\u0105tkuj\u0105ce pisarki odwiedzaj\u0105ce redakcj\u0119 przy ulicy Wiejskiej, smuk\u0142\u0105 sylwetk\u0105 i kruczoczarn\u0105 czupryn\u0105. Brak nadmiernej warstewki t\u0142uszczu a zw\u0142aszcza lekko dzi\u015b zaokr\u0105glonego brzuszka bywa\u0142y przydatne nie tylko w okoliczno\u015bciach amorycznych.<\/p>\n<p>Zesp\u00f3\u0142 &#8222;Kultury&#8221; by\u0142 zaprzyja\u017aniony i utrzymuj\u0105cy kontakty tak\u017ce poza redakcyjne. \u015acis\u0142e i cz\u0119ste kontakty naszej tr\u00f3jki wynika\u0142y ze wsp\u00f3lnych zainteresowa\u0144 literatur\u0105, nauk\u0105 i sportem. Maciek Krasicki &#8211; szef dzia\u0142u poezji, Wiktor Osiaty\u0144ski &#8211; dziennikarz naukowy i ja &#8211; w\u00f3wczas sekretarz redakcji pasjonowali\u015bmy si\u0119 nartami.<\/p>\n<p>Jak grom z jasnego nieba uderzy\u0142a nas wiadomo\u015b\u0107 o nowotworze Ma\u0107ka, kt\u00f3ry zaatakowa\u0142 przysadk\u0119 m\u00f3zgow\u0105. Wiktor doskonale znaj\u0105cy ca\u0142e warszawskie \u015brodowisko naukowe, w tym i medyczne, dotar\u0142 do m\u0142odego neurochirurga, kt\u00f3ry pom\u00f3g\u0142 Macieja ulokowa\u0107 w klinice przy Banacha a potem dokona\u0142 operacji usuni\u0119cia nowotworu.<\/p>\n<p>Odwiedzali\u015bmy rekonwalescenta systematycznie. Szpitale w tamtej epoce niech\u0119tnie widzia\u0142y go\u015bci z zewn\u0105trz. Wpuszczano wi\u0119c nas w okre\u015blone dni i na kr\u00f3tko.<\/p>\n<p>Wiktor nigdy nie przejmowa\u0142 si\u0119 takimi ograniczeniami. Silne uczucie pomaga\u0142o mu \u0142ama\u0107 wszelkie przeszkody. Pewnego dnia jeszcze przed 5.00 rano obudzi\u0142 mnie dzwonek. Mocno zaspany otworzy\u0142em i ujrza\u0142em Wiktora, kt\u00f3ry wygl\u0105da\u0142 jak g\u00f3rnik po szychcie. Aby wyj\u015b\u0107 ze szpitala, gdzie przesiedzia\u0142 nielegalnie ca\u0142\u0105 noc przy \u0142\u00f3\u017cku Macieja, musia\u0142 sforsowa\u0107 ma\u0142e okienko w piwnicy, w kt\u00f3rej przechowywano w\u0119giel (czy mo\u017ce koks). Przybieg\u0142 do mnie, bo mieszka\u0142em w\u00f3wczas na Rakowcu czyli niemal na zapleczu szpitala. Wizyt\u0119 zacz\u0105\u0142 od \u0142azienki a potem za\u017c\u0105da\u0142 \u015bniadania. Chyba nigdy tak nie stara\u0142em si\u0119 w kuchni, by zadowoli\u0107 go\u015bcia. Zapami\u0119ta\u0142em te\u017c na zawsze, \u017ce przyja\u017a\u0144 to wspania\u0142e uczucie.<\/p>\n","protected":false},"excerpt":{"rendered":"<p>Dosta\u0142em w\u0142a\u015bnie od Dostojnego Jubilata ksi\u0105\u017ceczk\u0119, kt\u00f3ra wysz\u0142a na Jego cze\u015b\u0107, czyli na siedemdziesi\u0105te urodziny (Listy od przyjaci\u00f3\u0142).<\/p>\n","protected":false},"author":2,"featured_media":0,"comment_status":"open","ping_status":"closed","sticky":false,"template":"","format":"standard","meta":{"footnotes":""},"categories":[1],"tags":[],"_links":{"self":[{"href":"https:\/\/blog.polityka.pl\/adamczewski\/wp-json\/wp\/v2\/posts\/15007"}],"collection":[{"href":"https:\/\/blog.polityka.pl\/adamczewski\/wp-json\/wp\/v2\/posts"}],"about":[{"href":"https:\/\/blog.polityka.pl\/adamczewski\/wp-json\/wp\/v2\/types\/post"}],"author":[{"embeddable":true,"href":"https:\/\/blog.polityka.pl\/adamczewski\/wp-json\/wp\/v2\/users\/2"}],"replies":[{"embeddable":true,"href":"https:\/\/blog.polityka.pl\/adamczewski\/wp-json\/wp\/v2\/comments?post=15007"}],"version-history":[{"count":7,"href":"https:\/\/blog.polityka.pl\/adamczewski\/wp-json\/wp\/v2\/posts\/15007\/revisions"}],"predecessor-version":[{"id":15017,"href":"https:\/\/blog.polityka.pl\/adamczewski\/wp-json\/wp\/v2\/posts\/15007\/revisions\/15017"}],"wp:attachment":[{"href":"https:\/\/blog.polityka.pl\/adamczewski\/wp-json\/wp\/v2\/media?parent=15007"}],"wp:term":[{"taxonomy":"category","embeddable":true,"href":"https:\/\/blog.polityka.pl\/adamczewski\/wp-json\/wp\/v2\/categories?post=15007"},{"taxonomy":"post_tag","embeddable":true,"href":"https:\/\/blog.polityka.pl\/adamczewski\/wp-json\/wp\/v2\/tags?post=15007"}],"curies":[{"name":"wp","href":"https:\/\/api.w.org\/{rel}","templated":true}]}}