
{"id":1501,"date":"2010-01-19T08:00:06","date_gmt":"2010-01-19T07:00:06","guid":{"rendered":"http:\/\/adamczewski.blog.polityka.pl\/?p=1501"},"modified":"2010-01-17T17:23:34","modified_gmt":"2010-01-17T16:23:34","slug":"bieg-do-zajaca","status":"publish","type":"post","link":"https:\/\/blog.polityka.pl\/adamczewski\/2010\/01\/19\/bieg-do-zajaca\/","title":{"rendered":"Bieg do zaj\u0105ca"},"content":{"rendered":"<p><a href=\"\/wp-content\/uploads\/2010\/01\/biegawki-w-sekocinie-w-lesiep1170015.jpg\"><img loading=\"lazy\" decoding=\"async\" class=\"aligncenter size-full wp-image-1503\" title=\"biegawki-w-sekocinie-w-lesiep1170015\" src=\"\/wp-content\/uploads\/2010\/01\/biegawki-w-sekocinie-w-lesiep1170015.jpg\" alt=\"\" width=\"500\" height=\"375\" srcset=\"\/adamczewski\/wp-content\/uploads\/2010\/01\/biegawki-w-sekocinie-w-lesiep1170015.jpg 640w, \/adamczewski\/wp-content\/uploads\/2010\/01\/biegawki-w-sekocinie-w-lesiep1170015-300x225.jpg 300w\" sizes=\"(max-width: 500px) 100vw, 500px\" \/><\/a><\/p>\n<p>W niedzielne popo\u0142udnie rozgorza\u0142a na blogu dyskusja j\u0119zykoznawcza. Czy pomidor jest o\u017cywiony a kalafior wprost przeciwnie? Na koniec zesz\u0142o nawet na krasnoludki.\u00a0<\/p>\n<p>A\u00a0my w tym czasie ganiali\u015bmy na bieg\u00f3wka po lesie w S\u0119kocinie. By\u0142o cudownie. \u015anieg lekko skrzypia\u0142, mr\u00f3z odrobin\u0119 szczypa\u0142. A w drugiej godzinie biegu gdy p\u0119dzili\u015bmy ju\u017c w kierunku parkingu dopingiem by\u0142 zaj\u0105c. I to zupe\u0142nie nieo\u017cywiony. On nawet by\u0142 ca\u0142kowicie martwy i czeka\u0142 na nas w domu, w brytfannie, przykryty \u015bmietanowym sosem. No i buraczki.\u00a0<\/p>\n<p>A\u00a0wymowa czy te\u017c pisownia tego wszystkiego nie sprawia\u0142a nam \u017cadnych k\u0142opot\u00f3w. I nie musieli\u015bmy nawet pyta\u0107 o zdanie prof. Bralczyka, kt\u00f3rego niekoniecznie powa\u017ca Magdalena. Ale za to jest wyra\u017anie o\u017cywiona. I to mnie cieszy.<\/p>\n<p>Zanim jednak na naszych talerzach wyl\u0105dowa\u0142 zaj\u0105c w buraczkach by\u0142 \u017curek z jajkiem i kie\u0142bas\u0105. Taki gor\u0105cy, \u017ce zatar\u0142 b\u0142yskawicznie wspomnienie siarczystego mrozu.<br \/>\nNa deser za\u015b do wyboru\u00a0&#8211; sernik leciutki jak puch lub makowiec.<\/p>\n<p><img loading=\"lazy\" decoding=\"async\" class=\"aligncenter size-full wp-image-1502\" title=\"biegawki-w-sakocinie-p1170014\" src=\"\/wp-content\/uploads\/2010\/01\/biegawki-w-sakocinie-p1170014.jpg\" alt=\"\" width=\"500\" height=\"375\" srcset=\"\/adamczewski\/wp-content\/uploads\/2010\/01\/biegawki-w-sakocinie-p1170014.jpg 640w, \/adamczewski\/wp-content\/uploads\/2010\/01\/biegawki-w-sakocinie-p1170014-300x225.jpg 300w\" sizes=\"(max-width: 500px) 100vw, 500px\" \/><\/p>\n","protected":false},"excerpt":{"rendered":"<p>W niedzielne popo\u0142udnie rozgorza\u0142a na blogu dyskusja j\u0119zykoznawcza. Czy pomidor jest o\u017cywiony a kalafior wprost przeciwnie? Na koniec zesz\u0142o nawet na krasnoludki.\u00a0 A\u00a0my w tym czasie ganiali\u015bmy na bieg\u00f3wka po lesie w S\u0119kocinie. By\u0142o cudownie. \u015anieg lekko skrzypia\u0142, mr\u00f3z odrobin\u0119 szczypa\u0142. A w drugiej godzinie biegu gdy p\u0119dzili\u015bmy ju\u017c w kierunku parkingu dopingiem by\u0142 zaj\u0105c. [&hellip;]<\/p>\n","protected":false},"author":2,"featured_media":0,"comment_status":"open","ping_status":"open","sticky":false,"template":"","format":"standard","meta":{"footnotes":""},"categories":[1],"tags":[],"_links":{"self":[{"href":"https:\/\/blog.polityka.pl\/adamczewski\/wp-json\/wp\/v2\/posts\/1501"}],"collection":[{"href":"https:\/\/blog.polityka.pl\/adamczewski\/wp-json\/wp\/v2\/posts"}],"about":[{"href":"https:\/\/blog.polityka.pl\/adamczewski\/wp-json\/wp\/v2\/types\/post"}],"author":[{"embeddable":true,"href":"https:\/\/blog.polityka.pl\/adamczewski\/wp-json\/wp\/v2\/users\/2"}],"replies":[{"embeddable":true,"href":"https:\/\/blog.polityka.pl\/adamczewski\/wp-json\/wp\/v2\/comments?post=1501"}],"version-history":[{"count":0,"href":"https:\/\/blog.polityka.pl\/adamczewski\/wp-json\/wp\/v2\/posts\/1501\/revisions"}],"wp:attachment":[{"href":"https:\/\/blog.polityka.pl\/adamczewski\/wp-json\/wp\/v2\/media?parent=1501"}],"wp:term":[{"taxonomy":"category","embeddable":true,"href":"https:\/\/blog.polityka.pl\/adamczewski\/wp-json\/wp\/v2\/categories?post=1501"},{"taxonomy":"post_tag","embeddable":true,"href":"https:\/\/blog.polityka.pl\/adamczewski\/wp-json\/wp\/v2\/tags?post=1501"}],"curies":[{"name":"wp","href":"https:\/\/api.w.org\/{rel}","templated":true}]}}