
{"id":15035,"date":"2015-06-26T08:53:19","date_gmt":"2015-06-26T06:53:19","guid":{"rendered":"http:\/\/adamczewski.blog.polityka.pl\/?p=15035"},"modified":"2015-06-29T10:29:27","modified_gmt":"2015-06-29T08:29:27","slug":"wyznania-pracusia-ktory-wpadl-w-nierobstwo","status":"publish","type":"post","link":"https:\/\/blog.polityka.pl\/adamczewski\/2015\/06\/26\/wyznania-pracusia-ktory-wpadl-w-nierobstwo\/","title":{"rendered":"Wyznania pracusia, kt\u00f3ry wpad\u0142 w nier\u00f3bstwo"},"content":{"rendered":"<p>Pierwszy raz zaniedba\u0142em swoje obowi\u0105zki i dzi\u015b o \u015bwicie nie by\u0142o nowej opowiastki, kt\u00f3ra by Was irytowa\u0142a lub radowa\u0142a (to w zale\u017cno\u015bci od gustu) i prowokowa\u0142a do komentarzy.<br \/>\n<!--more--><br \/>\nNie b\u0119d\u0119 si\u0119 usprawiedliwia\u0142, bo wynikn\u0119\u0142o to z przyczyn ca\u0142kowicie osobistych. Mam nadziej\u0119, \u017ce i tak b\u0119dziecie przez weekend dyskutowa\u0107 o \u017cyciu i prezentowa\u0107 swoje rozterki, a tak\u017ce sukcesy. Ja tymczasem nieco odsapn\u0119 i ponownie rusz\u0119 do pracy blogowej od poniedzia\u0142ku. Do zobaczenia wi\u0119c!<a href=\"\/wp-content\/uploads\/2015\/05\/Napoleonka-na-stole.jpg\"><img loading=\"lazy\" decoding=\"async\" class=\"aligncenter size-large wp-image-14870\" src=\"\/wp-content\/uploads\/2015\/05\/Napoleonka-na-stole-1024x768.jpg\" alt=\"OLYMPUS DIGITAL CAMERA\" width=\"620\" height=\"465\" srcset=\"\/adamczewski\/wp-content\/uploads\/2015\/05\/Napoleonka-na-stole-1024x768.jpg 1024w, \/adamczewski\/wp-content\/uploads\/2015\/05\/Napoleonka-na-stole-300x225.jpg 300w\" sizes=\"(max-width: 620px) 100vw, 620px\" \/><\/a><\/p>\n<div id=\"attachment_14371\" style=\"width: 630px\" class=\"wp-caption aligncenter\"><a href=\"\/wp-content\/uploads\/2015\/03\/Alta-sorbet-di-melaP3020073.jpg\"><img loading=\"lazy\" decoding=\"async\" aria-describedby=\"caption-attachment-14371\" class=\"size-large wp-image-14371\" src=\"\/wp-content\/uploads\/2015\/03\/Alta-sorbet-di-melaP3020073-1024x768.jpg\" alt=\"Sorbet di mela czyli jab\u0142kowy z restauracji St. Hubertus  w San Cassiano\" width=\"620\" height=\"465\" srcset=\"\/adamczewski\/wp-content\/uploads\/2015\/03\/Alta-sorbet-di-melaP3020073-1024x768.jpg 1024w, \/adamczewski\/wp-content\/uploads\/2015\/03\/Alta-sorbet-di-melaP3020073-300x225.jpg 300w\" sizes=\"(max-width: 620px) 100vw, 620px\" \/><\/a><p id=\"caption-attachment-14371\" class=\"wp-caption-text\">Sorbet di mela, czyli jab\u0142kowy z restauracji St. Hubertus w San Cassiano<\/p><\/div>\n<p><a href=\"\/wp-content\/uploads\/2014\/01\/tort-weselny5.jpg\"><img loading=\"lazy\" decoding=\"async\" class=\"aligncenter size-full wp-image-8033\" src=\"\/wp-content\/uploads\/2014\/01\/tort-weselny5.jpg\" alt=\"OLYMPUS DIGITAL CAMERA\" width=\"640\" height=\"480\" srcset=\"\/adamczewski\/wp-content\/uploads\/2014\/01\/tort-weselny5.jpg 640w, \/adamczewski\/wp-content\/uploads\/2014\/01\/tort-weselny5-300x225.jpg 300w\" sizes=\"(max-width: 640px) 100vw, 640px\" \/><\/a><\/p>\n","protected":false},"excerpt":{"rendered":"<p>Pierwszy raz zaniedba\u0142em swoje obowi\u0105zki i dzi\u015b o \u015bwicie nie by\u0142o nowej opowiastki, kt\u00f3ra by Was irytowa\u0142a lub radowa\u0142a (to w zale\u017cno\u015bci od gustu) i prowokowa\u0142a do komentarzy.<\/p>\n","protected":false},"author":2,"featured_media":0,"comment_status":"open","ping_status":"closed","sticky":false,"template":"","format":"standard","meta":{"footnotes":""},"categories":[1],"tags":[],"_links":{"self":[{"href":"https:\/\/blog.polityka.pl\/adamczewski\/wp-json\/wp\/v2\/posts\/15035"}],"collection":[{"href":"https:\/\/blog.polityka.pl\/adamczewski\/wp-json\/wp\/v2\/posts"}],"about":[{"href":"https:\/\/blog.polityka.pl\/adamczewski\/wp-json\/wp\/v2\/types\/post"}],"author":[{"embeddable":true,"href":"https:\/\/blog.polityka.pl\/adamczewski\/wp-json\/wp\/v2\/users\/2"}],"replies":[{"embeddable":true,"href":"https:\/\/blog.polityka.pl\/adamczewski\/wp-json\/wp\/v2\/comments?post=15035"}],"version-history":[{"count":4,"href":"https:\/\/blog.polityka.pl\/adamczewski\/wp-json\/wp\/v2\/posts\/15035\/revisions"}],"predecessor-version":[{"id":15057,"href":"https:\/\/blog.polityka.pl\/adamczewski\/wp-json\/wp\/v2\/posts\/15035\/revisions\/15057"}],"wp:attachment":[{"href":"https:\/\/blog.polityka.pl\/adamczewski\/wp-json\/wp\/v2\/media?parent=15035"}],"wp:term":[{"taxonomy":"category","embeddable":true,"href":"https:\/\/blog.polityka.pl\/adamczewski\/wp-json\/wp\/v2\/categories?post=15035"},{"taxonomy":"post_tag","embeddable":true,"href":"https:\/\/blog.polityka.pl\/adamczewski\/wp-json\/wp\/v2\/tags?post=15035"}],"curies":[{"name":"wp","href":"https:\/\/api.w.org\/{rel}","templated":true}]}}