
{"id":15087,"date":"2015-07-09T07:00:46","date_gmt":"2015-07-09T05:00:46","guid":{"rendered":"http:\/\/adamczewski.blog.polityka.pl\/?p=15087"},"modified":"2015-07-11T11:54:51","modified_gmt":"2015-07-11T09:54:51","slug":"tydzien-wyrwany-z-zycia","status":"publish","type":"post","link":"https:\/\/blog.polityka.pl\/adamczewski\/2015\/07\/09\/tydzien-wyrwany-z-zycia\/","title":{"rendered":"Tydzie\u0144 wyrwany z \u017cycia"},"content":{"rendered":"<p>Jest w tym tytule nieco przesady, ale niezbyt wiele. Wezwany do Warszawy na nagrania radiowe oraz na doko\u0144czenie telewizyjnego widowiska, wykorzystuj\u0119 ten czas tak\u017ce na drobne zabiegi medyczne, na kt\u00f3re musia\u0142bym przyjecha\u0107 ponownie w kolejnym tygodniu.<br \/>\n<!--more--><br \/>\nOdzwyczai\u0142em si\u0119 ju\u017c od miasta na tyle, \u017ce czuj\u0119 si\u0119 tu ca\u0142kiem niekomfortowo. Ratuj\u0119 wi\u0119c sw\u00f3j humor zakupami, kt\u00f3rych nie zrobi\u0119 w Zatorach ani nawet w Pu\u0142tusku.<\/p>\n<p>Jestem wi\u0119c radosnym w\u0142a\u015bcicielem dw\u00f3ch kulinarnych przyrz\u0105d\u00f3w, z kt\u00f3rymi &#8211; jak czuj\u0119 &#8211; nie b\u0119d\u0119 si\u0119 przez d\u0142u\u017cszy czas rozstawa\u0142: pierwszy to proste urz\u0105dzenie do robienia bardzo zgrabnych s\u0142upk\u00f3w Julienie z marchewki, drugi za\u015b to nak\u0142uwacz stek\u00f3w i wszelkich kotlet\u00f3w, kt\u00f3ry zast\u0119puje doskonale t\u0142uczek do mi\u0119sa. Obie rzeczy widzia\u0142em w r\u0119kach zaprzyja\u017anionego kucharza i mia\u0142em zamiar \u015bci\u0105gn\u0105\u0107 je z zagranicy. Tymczasem one same do mnie przyw\u0119drowa\u0142y nad Wis\u0142\u0119.<a href=\"\/wp-content\/uploads\/2014\/02\/perliczka-fot-East-News-2.jpg\"><img loading=\"lazy\" decoding=\"async\" class=\"aligncenter size-full wp-image-11826\" src=\"\/wp-content\/uploads\/2014\/02\/perliczka-fot-East-News-2.jpg\" alt=\"Helmperlhuhn, Numida meleagris,\" width=\"640\" height=\"523\" srcset=\"\/adamczewski\/wp-content\/uploads\/2014\/02\/perliczka-fot-East-News-2.jpg 640w, \/adamczewski\/wp-content\/uploads\/2014\/02\/perliczka-fot-East-News-2-300x245.jpg 300w\" sizes=\"(max-width: 640px) 100vw, 640px\" \/><\/a>B\u0119d\u0119 wi\u0119c robi\u0142 kotlety z kostk\u0105 (najch\u0119tniej jagni\u0119ce, cho\u0107 i od schabowych si\u0119 nie uchyl\u0119) oraz sur\u00f3wk\u0119 z marchwi mocno skropion\u0105 zag\u0119szczonym octem balsamicznym.<\/p>\n<p>Okazuje si\u0119, \u017ce w ka\u017cdej sytuacji mo\u017cna znale\u017a\u0107 dobre strony. A w sobot\u0119 wyrusz\u0119 ju\u017c na wie\u015b, gdzie przez ten czas na pewno dojrza\u0142y bor\u00f3wki ameryka\u0144skie, a tak\u017ce zielony groszek. Nie martwi\u0119 si\u0119 te\u017c o susz\u0119 w ogrodzie, bo przyroda mnie wyr\u0119czy\u0142a i podla\u0142a go wystarczaj\u0105co obficie. <\/p>\n<p>Nie musz\u0119 te\u017c martwi\u0107 si\u0119 esemesami z urz\u0119du gminy, powiadamiaj\u0105cymi o wy\u0142\u0105czeniach wodoci\u0105gu, kt\u00f3re s\u0105 codziennie i to dwa razy &#8211; rano i wieczorem. Mam bowiem w\u0142asn\u0105 pomp\u0119 i w moim odwiercie wody nie brakuje. Jest ona zreszt\u0105 smaczniejsza i &#8211; jak s\u0105dz\u0119 &#8211; zdrowsza ni\u017c ta z wiejskiego wodoci\u0105gu.<\/p>\n","protected":false},"excerpt":{"rendered":"<p>Jest w tym tytule nieco przesady, ale niezbyt wiele. Wezwany do Warszawy na nagrania radiowe oraz na doko\u0144czenie telewizyjnego widowiska, wykorzystuj\u0119 ten czas tak\u017ce na drobne zabiegi medyczne, na kt\u00f3re musia\u0142bym przyjecha\u0107 ponownie w kolejnym tygodniu.<\/p>\n","protected":false},"author":2,"featured_media":0,"comment_status":"open","ping_status":"closed","sticky":false,"template":"","format":"standard","meta":{"footnotes":""},"categories":[1],"tags":[],"_links":{"self":[{"href":"https:\/\/blog.polityka.pl\/adamczewski\/wp-json\/wp\/v2\/posts\/15087"}],"collection":[{"href":"https:\/\/blog.polityka.pl\/adamczewski\/wp-json\/wp\/v2\/posts"}],"about":[{"href":"https:\/\/blog.polityka.pl\/adamczewski\/wp-json\/wp\/v2\/types\/post"}],"author":[{"embeddable":true,"href":"https:\/\/blog.polityka.pl\/adamczewski\/wp-json\/wp\/v2\/users\/2"}],"replies":[{"embeddable":true,"href":"https:\/\/blog.polityka.pl\/adamczewski\/wp-json\/wp\/v2\/comments?post=15087"}],"version-history":[{"count":4,"href":"https:\/\/blog.polityka.pl\/adamczewski\/wp-json\/wp\/v2\/posts\/15087\/revisions"}],"predecessor-version":[{"id":15089,"href":"https:\/\/blog.polityka.pl\/adamczewski\/wp-json\/wp\/v2\/posts\/15087\/revisions\/15089"}],"wp:attachment":[{"href":"https:\/\/blog.polityka.pl\/adamczewski\/wp-json\/wp\/v2\/media?parent=15087"}],"wp:term":[{"taxonomy":"category","embeddable":true,"href":"https:\/\/blog.polityka.pl\/adamczewski\/wp-json\/wp\/v2\/categories?post=15087"},{"taxonomy":"post_tag","embeddable":true,"href":"https:\/\/blog.polityka.pl\/adamczewski\/wp-json\/wp\/v2\/tags?post=15087"}],"curies":[{"name":"wp","href":"https:\/\/api.w.org\/{rel}","templated":true}]}}