
{"id":15091,"date":"2015-07-10T07:00:45","date_gmt":"2015-07-10T05:00:45","guid":{"rendered":"http:\/\/adamczewski.blog.polityka.pl\/?p=15091"},"modified":"2015-07-11T11:52:38","modified_gmt":"2015-07-11T09:52:38","slug":"dobra-woda-zycia-doda","status":"publish","type":"post","link":"https:\/\/blog.polityka.pl\/adamczewski\/2015\/07\/10\/dobra-woda-zycia-doda\/","title":{"rendered":"Dobra woda \u017cycia doda"},"content":{"rendered":"<p>Podobno przyby\u0142a do nas z kosmosu, bez niej \u017cycie umiera, z ni\u0105 natomiast &#8211; gdy jest czysta &#8211; wszystko rozwija si\u0119 i rozkwita. Oczywi\u015bcie mowa o wodzie.<!--more--><\/p>\n<p>Temu tematowi po\u015bwi\u0119cony jest niemal w ca\u0142o\u015bci nowy, sz\u00f3sty numer\u00a0&#8222;Ust&#8221;. Jak zwykle pismo jest pe\u0142ne wyrafinowanych ilustracji i niezwykle atrakcyjnych tekst\u00f3w. Tu doda\u0107 musz\u0119, \u017ce autorzy nie &#8222;lej\u0105 wody&#8221;, lecz podaj\u0105 czytelnikom informacje ciekawe i &#8211; jak s\u0105dz\u0119 &#8211; wi\u0119kszo\u015bci nieznane.<a href=\"\/wp-content\/uploads\/2015\/07\/Usta.jpg\"><img loading=\"lazy\" decoding=\"async\" src=\"\/wp-content\/uploads\/2015\/07\/Usta-788x1024.jpg\" alt=\"Usta\" width=\"620\" height=\"805\" class=\"aligncenter size-large wp-image-15095\" srcset=\"\/adamczewski\/wp-content\/uploads\/2015\/07\/Usta-788x1024.jpg 788w, \/adamczewski\/wp-content\/uploads\/2015\/07\/Usta-231x300.jpg 231w, \/adamczewski\/wp-content\/uploads\/2015\/07\/Usta.jpg 1181w\" sizes=\"(max-width: 620px) 100vw, 620px\" \/><\/a>Lektura &#8222;Ust&#8221; w gor\u0105cy letni dzie\u0144 sprawia podw\u00f3jn\u0105 przyjemno\u015b\u0107: obcowanie z doskona\u0142ym dziennikarstwem i zaspokajanie pragnienia. S\u0105 tu bowiem przepisy na wyrafinowane napoje ch\u0142odz\u0105ce oraz drinki.<\/p>\n<p>Otwarciem zach\u0119caj\u0105cym do dalszej lektury jest felieton Bogus\u0142awa Deptu\u0142y, kt\u00f3ry jak ma\u0142o kto potrafi wynale\u017a\u0107 stosowne anegdoty przybli\u017caj\u0105ce nam wielk\u0105 sztuk\u0119 w spos\u00f3b tyle\u017c zabawny, co zaskakuj\u0105cy i atrakcyjny. Tym razem zaj\u0105\u0142 si\u0119 on obrazem angielskiego malarza z grupy tzw. prerafaelit\u00f3w &#8211; Johna Everetta Millaisa &#8211; zatytu\u0142owanym &#8222;Ofelia&#8221;. Pozowanie w wannie pe\u0142nej wody spowodowa\u0142o, \u017ce pi\u0119kna modelka rozchorowa\u0142a si\u0119 i przedwcze\u015bnie zako\u0144czy\u0142a \u017cycie. (Podobnie jak odgrywana przez ni\u0105 bohaterka).<\/p>\n<p>Z podobnym zainteresowaniem przeczyta\u0142em tekst mojej ulubionej autorki Ma\u0142gorzaty Kasprzyk-Chevriaux &#8211; &#8222;Powr\u00f3t do Edenu&#8221; &#8211; pe\u0142en historycznych anegdot na temat kariery Perriera w USA czy Borjomi w Rosji.<\/p>\n<p>Arcyciekawa jest te\u017c rozmowa zatytu\u0142owana &#8222;Lataj\u0105ce ryby i minutnik do jajek&#8221;, w kt\u00f3rej \u017ceglarka o niezwyk\u0142ej wr\u0119cz urodzie &#8211; Natasza Caban &#8211; opowiada o \u017cyciu (w\u0142asnym) w \u015brodowisku wodnym podczas ponad dwuletniego samotnego rejsu jachtem wok\u00f3\u0142 globu ziemskiego.<\/p>\n<p>Os\u0142od\u0119 tego wodnego numeru mia\u0142y stanowi\u0107 zdj\u0119cia zatytu\u0142owane &#8222;Tort i dziewczyna&#8221;. W tym przypadku jednak &#8211; moim zdaniem &#8211; dobry smak redakcji zdecydowanie zawi\u00f3d\u0142. Zamieszczone na 30. stronie zdj\u0119cie rozci\u0119tego tortu trzymanego mi\u0119dzy udami przez pi\u0119kn\u0105 modelk\u0119 budzi m\u00f3j protest, a nawet odraz\u0119. Ta fotografia nie ociera si\u0119 o pornografi\u0119, lecz jest ni\u0105 w ca\u0142ej krasie.<\/p>\n<p>Na szcz\u0119\u015bcie to przykre wra\u017cenie ulega zatarciu podczas ogl\u0105dania atlasu\u00a0morskich wodorost\u00f3w czy lektury historii s\u0142ynnych uzdrowisk, \u017ce nie wspomn\u0119 o przewodniku po tr\u00f3jmiejskich lokalach, ujawniaj\u0105cym miejsca tylko dla wtajemniczonych.<\/p>\n","protected":false},"excerpt":{"rendered":"<p>Podobno przyby\u0142a do nas z kosmosu, bez niej \u017cycie umiera, z ni\u0105 natomiast &#8211; gdy jest czysta &#8211; wszystko rozwija si\u0119 i rozkwita. Oczywi\u015bcie mowa o wodzie.<\/p>\n","protected":false},"author":2,"featured_media":0,"comment_status":"open","ping_status":"closed","sticky":false,"template":"","format":"standard","meta":{"footnotes":""},"categories":[1],"tags":[],"_links":{"self":[{"href":"https:\/\/blog.polityka.pl\/adamczewski\/wp-json\/wp\/v2\/posts\/15091"}],"collection":[{"href":"https:\/\/blog.polityka.pl\/adamczewski\/wp-json\/wp\/v2\/posts"}],"about":[{"href":"https:\/\/blog.polityka.pl\/adamczewski\/wp-json\/wp\/v2\/types\/post"}],"author":[{"embeddable":true,"href":"https:\/\/blog.polityka.pl\/adamczewski\/wp-json\/wp\/v2\/users\/2"}],"replies":[{"embeddable":true,"href":"https:\/\/blog.polityka.pl\/adamczewski\/wp-json\/wp\/v2\/comments?post=15091"}],"version-history":[{"count":5,"href":"https:\/\/blog.polityka.pl\/adamczewski\/wp-json\/wp\/v2\/posts\/15091\/revisions"}],"predecessor-version":[{"id":15100,"href":"https:\/\/blog.polityka.pl\/adamczewski\/wp-json\/wp\/v2\/posts\/15091\/revisions\/15100"}],"wp:attachment":[{"href":"https:\/\/blog.polityka.pl\/adamczewski\/wp-json\/wp\/v2\/media?parent=15091"}],"wp:term":[{"taxonomy":"category","embeddable":true,"href":"https:\/\/blog.polityka.pl\/adamczewski\/wp-json\/wp\/v2\/categories?post=15091"},{"taxonomy":"post_tag","embeddable":true,"href":"https:\/\/blog.polityka.pl\/adamczewski\/wp-json\/wp\/v2\/tags?post=15091"}],"curies":[{"name":"wp","href":"https:\/\/api.w.org\/{rel}","templated":true}]}}