
{"id":15104,"date":"2015-07-13T07:00:33","date_gmt":"2015-07-13T05:00:33","guid":{"rendered":"http:\/\/adamczewski.blog.polityka.pl\/?p=15104"},"modified":"2015-07-21T19:26:33","modified_gmt":"2015-07-21T17:26:33","slug":"dobry-lekarz-gwarancja-zdrowia","status":"publish","type":"post","link":"https:\/\/blog.polityka.pl\/adamczewski\/2015\/07\/13\/dobry-lekarz-gwarancja-zdrowia\/","title":{"rendered":"Lekarz gwarancj\u0105 zdrowia"},"content":{"rendered":"<p>Nie ma we mnie (chyba?!) ani krztyny hipochondryka. Nie znosz\u0119 wizyt u lekarza, a jeszcze bardziej rozprawiania na temat swojego zdrowia.<br \/>\n<!--more--><br \/>\nTym razem odst\u0119puj\u0119 od tego, bo zdarzy\u0142y si\u0119 nam w rodzinie a\u017c dwa przypadki tak nietypowe, \u017ce warto o nich wspomnie\u0107. I w dodatku obydwa zwi\u0105zane z tematyk\u0105 bliska blogowi.<a href=\"\/wp-content\/uploads\/2015\/07\/Primitivo-di-Mandurla.jpg\"><img loading=\"lazy\" decoding=\"async\" class=\"aligncenter size-large wp-image-15106\" src=\"\/wp-content\/uploads\/2015\/07\/Primitivo-di-Mandurla-768x1024.jpg\" alt=\"OLYMPUS DIGITAL CAMERA\" width=\"620\" height=\"826\" srcset=\"\/adamczewski\/wp-content\/uploads\/2015\/07\/Primitivo-di-Mandurla-768x1024.jpg 768w, \/adamczewski\/wp-content\/uploads\/2015\/07\/Primitivo-di-Mandurla-225x300.jpg 225w\" sizes=\"(max-width: 620px) 100vw, 620px\" \/><\/a>Basia mia\u0142a wizyt\u0119 u wybitnego specjalisty od chor\u00f3b kr\u0105\u017cenia z powodu skok\u00f3w ci\u015bnienia. Przemi\u0142y pan doktor uspokoi\u0142 pacjentk\u0119, \u017ce jej przypadek to zaledwie nieco podwy\u017cszone ci\u015bnienie i zaleci\u0142 jej w sytuacjach stresuj\u0105cych wypicie duszkiem kieliszka czerwonego wina. <\/p>\n<p>Gdy us\u0142ysza\u0142, \u017ce nie lubi ona picia duszkiem, bo wino traci swe walory, doda\u0142: &#8211; <em>Pierwszy prosz\u0119 wypi\u0107 duszkiem dla zdrowia, a drugi wolno, delektuj\u0105c si\u0119 dla przyjemno\u015bci<\/em>.<\/p>\n<p>Musz\u0119 doda\u0107, \u017ce od tej pory skoki ci\u015bnienia oddali\u0142y si\u0119 bezpowrotnie.<\/p>\n<p>I ja trafi\u0142em na r\u00f3wnie mi\u0142ego lekarza (ca\u0142kiem innego i zupe\u0142nie innej specjalno\u015bci), kt\u00f3ry my\u015bla\u0142 g\u0142\u0119boko, jak doprowadzi\u0107 u mnie do zbicia poziomu kreatyniny (nie wiem co to i gdzie to), by wreszcie wyda\u0107 zalecenie: &#8211; <em>Nie namawiam nigdy nikogo do picia alkoholu, ale pan powinien przez ten tydzie\u0144 do naszego kolejnego spotkania wypija\u0107 codziennie 1 lub nawet 1,5 litra piwa. To bez w\u0105tpienia pomo\u017ce<\/em>.<a href=\"\/wp-content\/uploads\/2015\/07\/Pilzno-1-litr-nektaru.jpg\"><img loading=\"lazy\" decoding=\"async\" class=\"aligncenter size-large wp-image-15107\" src=\"\/wp-content\/uploads\/2015\/07\/Pilzno-1-litr-nektaru-724x1024.jpg\" alt=\"Pilzno - 1 litr nektaru\" width=\"620\" height=\"876\" srcset=\"\/adamczewski\/wp-content\/uploads\/2015\/07\/Pilzno-1-litr-nektaru-724x1024.jpg 724w, \/adamczewski\/wp-content\/uploads\/2015\/07\/Pilzno-1-litr-nektaru-212x300.jpg 212w, \/adamczewski\/wp-content\/uploads\/2015\/07\/Pilzno-1-litr-nektaru.jpg 1241w\" sizes=\"(max-width: 620px) 100vw, 620px\" \/><\/a>No to pijemy obydwoje\u00a0&#8211; jedno wino czerwone (oczywi\u015bcie primitivo), drugie piwo (pilzner na zmian\u0119 z guinnessem). I czekamy na popraw\u0119 zdrowia. Pierwsze oznaki ju\u017c s\u0105. Jeste\u015bmy w doskona\u0142ych humorach.<\/p>\n<p>Na zdrowie!<\/p>\n","protected":false},"excerpt":{"rendered":"<p>Nie ma we mnie (chyba?!) ani krztyny hipochondryka. Nie znosz\u0119 wizyt u lekarza, a jeszcze bardziej rozprawiania na temat swojego zdrowia.<\/p>\n","protected":false},"author":2,"featured_media":0,"comment_status":"open","ping_status":"closed","sticky":false,"template":"","format":"standard","meta":{"footnotes":""},"categories":[1],"tags":[],"_links":{"self":[{"href":"https:\/\/blog.polityka.pl\/adamczewski\/wp-json\/wp\/v2\/posts\/15104"}],"collection":[{"href":"https:\/\/blog.polityka.pl\/adamczewski\/wp-json\/wp\/v2\/posts"}],"about":[{"href":"https:\/\/blog.polityka.pl\/adamczewski\/wp-json\/wp\/v2\/types\/post"}],"author":[{"embeddable":true,"href":"https:\/\/blog.polityka.pl\/adamczewski\/wp-json\/wp\/v2\/users\/2"}],"replies":[{"embeddable":true,"href":"https:\/\/blog.polityka.pl\/adamczewski\/wp-json\/wp\/v2\/comments?post=15104"}],"version-history":[{"count":5,"href":"https:\/\/blog.polityka.pl\/adamczewski\/wp-json\/wp\/v2\/posts\/15104\/revisions"}],"predecessor-version":[{"id":15147,"href":"https:\/\/blog.polityka.pl\/adamczewski\/wp-json\/wp\/v2\/posts\/15104\/revisions\/15147"}],"wp:attachment":[{"href":"https:\/\/blog.polityka.pl\/adamczewski\/wp-json\/wp\/v2\/media?parent=15104"}],"wp:term":[{"taxonomy":"category","embeddable":true,"href":"https:\/\/blog.polityka.pl\/adamczewski\/wp-json\/wp\/v2\/categories?post=15104"},{"taxonomy":"post_tag","embeddable":true,"href":"https:\/\/blog.polityka.pl\/adamczewski\/wp-json\/wp\/v2\/tags?post=15104"}],"curies":[{"name":"wp","href":"https:\/\/api.w.org\/{rel}","templated":true}]}}