
{"id":15111,"date":"2015-07-14T07:00:42","date_gmt":"2015-07-14T05:00:42","guid":{"rendered":"http:\/\/adamczewski.blog.polityka.pl\/?p=15111"},"modified":"2015-07-21T19:28:34","modified_gmt":"2015-07-21T17:28:34","slug":"wszystko-rosnie-bo-deszcz-pada","status":"publish","type":"post","link":"https:\/\/blog.polityka.pl\/adamczewski\/2015\/07\/14\/wszystko-rosnie-bo-deszcz-pada\/","title":{"rendered":"Wszystko ro\u015bnie, bo deszcz pada"},"content":{"rendered":"<p>Przed paroma miesi\u0105cami, gdy sadzono na moim piasku drzewa owocowe i r\u00f3\u017cne krzewy (agrest, bor\u00f3wk\u0119 ameryka\u0144ska i porzeczki) oraz groszek, dynie i truskawki, nie wierzy\u0142em, \u017ce co\u015b z tego wyro\u015bnie.<br \/>\n<!--more--><br \/>\nPiach jak na ba\u0142tyckiej pla\u017cy, a jeszcze wok\u00f3\u0142 sosny, modrzewie, buki i brzozy (jest te\u017c par\u0119 d\u0119b\u00f3w, kt\u00f3re zwykle zag\u0142uszaj\u0105 wszystko wok\u00f3\u0142). S\u0142owem: najgorsze warunki z mo\u017cliwych dla wszelkiej po\u017cytecznej ro\u015blinno\u015bci. Tymczasem&#8230;<\/p>\n<p>Piach zosta\u0142 na jesieni zaorany i dobrze nawo\u017cony obornikiem. Na wiosn\u0119 wszystko zasadzono. Mimo codziennego podlewania w najgor\u0119tsze s\u0142oneczne dni i drzewa, i pozosta\u0142e zasadzone ro\u015bliny ledwo dysza\u0142y.<\/p>\n<p>Dopiero padaj\u0105ce od tygodnie obfite deszcze zmieni\u0142y piaszczysty sp\u0142ache\u0107 ziemi w zielon\u0105 oaz\u0119. Groszek dojrzewa obficie i codziennie jest zbierany. Bor\u00f3wek ameryka\u0144skich nie jeste\u015bmy w stanie sami zje\u015b\u0107, wi\u0119c wozimy je do Warszawy dla reszty rodziny. Najbardziej rozpleni\u0142y si\u0119 dynie i kabaczki. Ju\u017c wida\u0107 spore ich owoce, a olbrzymie li\u015bcie rozpe\u0142z\u0142y si\u0119 po ca\u0142ej okolicy.<\/p>\n<p>Krajobraz zmieni\u0142 si\u0119 zasadniczo. I cho\u0107 nie mam w sobie zaci\u0119cia ogrodnika, a ten niewielki sad nale\u017cy do m\u0142odszego pokolenia, z coraz wi\u0119ksz\u0105 przyjemno\u015bci\u0105 patrz\u0119, jak to wszystko pi\u0119knie ro\u015bnie.<\/p>\n<p>PS Wczorajsz\u0105 anegdot\u0119 lekarsk\u0105 opowiedzia\u0142em, uwa\u017caj\u0105c, \u017ce jest zabawna. Pisz\u0105c, \u017ce nie jestem hipochondrykiem, nie my\u015bla\u0142em o badaniach kontrolnych, bo zwykle s\u0105 one niezb\u0119dne. Chodzi\u0142o mi o sta\u0142e zagl\u0105danie do wn\u0119trza organizmu i publiczne zdawanie sprawy ze stanu swego zdrowia. Widz\u0119, \u017ce ca\u0142kiem nierozwa\u017cnie podrzuci\u0142em ten temat.<\/p>\n<p>Martwi\u0105cych si\u0119 o stan mojej garderoby i oty\u0142o\u015b\u0107 uspokajam: kuracja piwna jest przewidziana na pi\u0119\u0107 dni i ju\u017c dobiega ko\u0144ca. Nie uty\u0142em i nie musz\u0119 nadwer\u0119\u017ca\u0107 portfela, kupuj\u0105c nowe portki. Ale dzi\u0119kuj\u0119 za trosk\u0119.<\/p>\n","protected":false},"excerpt":{"rendered":"<p>Przed paroma miesi\u0105cami, gdy sadzono na moim piasku drzewa owocowe i r\u00f3\u017cne krzewy (agrest, bor\u00f3wk\u0119 ameryka\u0144ska i porzeczki) oraz groszek, dynie i truskawki, nie wierzy\u0142em, \u017ce co\u015b z tego wyro\u015bnie.<\/p>\n","protected":false},"author":2,"featured_media":0,"comment_status":"open","ping_status":"closed","sticky":false,"template":"","format":"standard","meta":{"footnotes":""},"categories":[1],"tags":[],"_links":{"self":[{"href":"https:\/\/blog.polityka.pl\/adamczewski\/wp-json\/wp\/v2\/posts\/15111"}],"collection":[{"href":"https:\/\/blog.polityka.pl\/adamczewski\/wp-json\/wp\/v2\/posts"}],"about":[{"href":"https:\/\/blog.polityka.pl\/adamczewski\/wp-json\/wp\/v2\/types\/post"}],"author":[{"embeddable":true,"href":"https:\/\/blog.polityka.pl\/adamczewski\/wp-json\/wp\/v2\/users\/2"}],"replies":[{"embeddable":true,"href":"https:\/\/blog.polityka.pl\/adamczewski\/wp-json\/wp\/v2\/comments?post=15111"}],"version-history":[{"count":5,"href":"https:\/\/blog.polityka.pl\/adamczewski\/wp-json\/wp\/v2\/posts\/15111\/revisions"}],"predecessor-version":[{"id":15148,"href":"https:\/\/blog.polityka.pl\/adamczewski\/wp-json\/wp\/v2\/posts\/15111\/revisions\/15148"}],"wp:attachment":[{"href":"https:\/\/blog.polityka.pl\/adamczewski\/wp-json\/wp\/v2\/media?parent=15111"}],"wp:term":[{"taxonomy":"category","embeddable":true,"href":"https:\/\/blog.polityka.pl\/adamczewski\/wp-json\/wp\/v2\/categories?post=15111"},{"taxonomy":"post_tag","embeddable":true,"href":"https:\/\/blog.polityka.pl\/adamczewski\/wp-json\/wp\/v2\/tags?post=15111"}],"curies":[{"name":"wp","href":"https:\/\/api.w.org\/{rel}","templated":true}]}}