
{"id":15137,"date":"2015-07-19T10:38:16","date_gmt":"2015-07-19T08:38:16","guid":{"rendered":"http:\/\/adamczewski.blog.polityka.pl\/?p=15137"},"modified":"2015-07-21T19:36:08","modified_gmt":"2015-07-21T17:36:08","slug":"krajobraz-po-deszczu-ale-w-lesie-sucho","status":"publish","type":"post","link":"https:\/\/blog.polityka.pl\/adamczewski\/2015\/07\/19\/krajobraz-po-deszczu-ale-w-lesie-sucho\/","title":{"rendered":"Krajobraz po deszczu, ale w lesie sucho"},"content":{"rendered":"<p>Wieczorem w sobot\u0119 grzmia\u0142o i wia\u0142o. Powietrze by\u0142o ci\u0119\u017ckie, duszne i burzowe. Upa\u0142 nie zel\u017ca\u0142 ani na moment. Wszyscy z t\u0119sknot\u0105 wypatrywali deszczu. Wreszcie po p\u00f3\u0142nocy lun\u0119\u0142o. G\u0119sty deszcz pada\u0142 niemal do rana.<!--more--><\/p>\n<p>Najpierw wszyscy domownicy wylegli przed dom i mokli z wielkim upodobaniem. Krople deszczu by\u0142y wr\u0119cz gor\u0105ce. Po kilku minutach zrobi\u0142o si\u0119 do\u015b\u0107 ch\u0142odno, wi\u0119c wr\u00f3cili\u015bmy na werand\u0119, w ruch posz\u0142y r\u0119czniki i z przyjemno\u015bci\u0105 rozsiedli\u015bmy si\u0119 przy fili\u017cankach paruj\u0105cej herbaty.<\/p>\n<p>My\u015bl o tym, \u017ce nasz piach nasi\u0105ka wod\u0105, napawa\u0142 zadowoleniem. Mieli\u015bmy nadziej\u0119, \u017ce ulewa nie ustanie i le\u015bnicy b\u0119d\u0105 mogli odwo\u0142a\u0107 zakaz wst\u0119pu do lasu. Deszcz nie ustawa\u0142. Postanowili\u015bmy wi\u0119c sko\u0144czy\u0107 te obserwacje meteorologiczne i p\u00f3j\u015b\u0107 do \u0142\u00f3\u017cek. Spa\u0107 jednak by\u0142o trudno, bo pioruny wali\u0142y g\u0119sto, a niebo roz\u015bwietla\u0142y efektowne b\u0142yskawice.<a href=\"\/wp-content\/uploads\/2011\/10\/Jesie\u0144-w-\u0141\u0119cinie.jpg\"><img loading=\"lazy\" decoding=\"async\" class=\"aligncenter size-full wp-image-3260\" src=\"\/wp-content\/uploads\/2011\/10\/Jesie\u0144-w-\u0141\u0119cinie.jpg\" alt=\"OLYMPUS DIGITAL CAMERA\" width=\"640\" height=\"480\" srcset=\"\/adamczewski\/wp-content\/uploads\/2011\/10\/Jesie\u0144-w-\u0141\u0119cinie.jpg 640w, \/adamczewski\/wp-content\/uploads\/2011\/10\/Jesie\u0144-w-\u0141\u0119cinie-300x225.jpg 300w\" sizes=\"(max-width: 640px) 100vw, 640px\" \/><\/a>Rano, po przebudzeniu, mieli\u015bmy nadziej\u0119, \u017ce ca\u0142a okolica b\u0119dzie ton\u0119\u0142a w ka\u0142u\u017cach. Tymczasem trawnik przed domem (czy raczej to, co udaje nasz trawnik, a jest \u017c\u00f3\u0142tawym klepiskiem) by\u0142 suchy jak wczoraj i przedwczoraj. Such\u0105 stop\u0105 mo\u017cna by\u0142o wej\u015b\u0107 do lasu (to tylko cztery kroki, bo dom stoi przecie\u017c po\u015br\u00f3d sosen i modrzewi), a sadek i warzywnik na ko\u0144cu naszego terytorium wprawdzie zieleni\u0142 si\u0119 pi\u0119knie, ale wyra\u017anie domaga\u0142 si\u0119 podlania.<\/p>\n<p>Ca\u0142a ulewa wsi\u0105k\u0142a w piach. I zakaz wst\u0119pu do Puszczy Bia\u0142ej obowi\u0105zuje nadal. Podobno dzisiejszego wieczora i nocy spektakl piorunowo-ulewowy si\u0119 powt\u00f3rzy. Je\u015bli te powt\u00f3rki b\u0119d\u0105 przez ca\u0142y tydzie\u0144, to mo\u017ce \u015bci\u00f3\u0142ka le\u015bna nasi\u0105knie wystarczaj\u0105co wod\u0105 i alarm po\u017carowy zostanie odwo\u0142any. Jest wi\u0119c szansa, \u017ce pojawi\u0105 si\u0119 i grzyby. A jak\u017ce ch\u0119tnie zjedliby\u015bmy jajecznic\u0119 z kurkami!<\/p>\n<p>PS Kolejna noc z niedzieli na poniedzia\u0142ek by\u0142a jeszcze bardziej ulewna i burzowa. Szk\u00f3d w mojej okolicy nie by\u0142o. W lesie nadal sucho.<\/p>\n","protected":false},"excerpt":{"rendered":"<p>Wieczorem w sobot\u0119 grzmia\u0142o i wia\u0142o. Powietrze by\u0142o ci\u0119\u017ckie, duszne i burzowe. Upa\u0142 nie zel\u017ca\u0142 ani na moment. Wszyscy z t\u0119sknot\u0105 wypatrywali deszczu. Wreszcie po p\u00f3\u0142nocy lun\u0119\u0142o. G\u0119sty deszcz pada\u0142 niemal do rana.<\/p>\n","protected":false},"author":2,"featured_media":0,"comment_status":"open","ping_status":"closed","sticky":false,"template":"","format":"standard","meta":{"footnotes":""},"categories":[1],"tags":[],"_links":{"self":[{"href":"https:\/\/blog.polityka.pl\/adamczewski\/wp-json\/wp\/v2\/posts\/15137"}],"collection":[{"href":"https:\/\/blog.polityka.pl\/adamczewski\/wp-json\/wp\/v2\/posts"}],"about":[{"href":"https:\/\/blog.polityka.pl\/adamczewski\/wp-json\/wp\/v2\/types\/post"}],"author":[{"embeddable":true,"href":"https:\/\/blog.polityka.pl\/adamczewski\/wp-json\/wp\/v2\/users\/2"}],"replies":[{"embeddable":true,"href":"https:\/\/blog.polityka.pl\/adamczewski\/wp-json\/wp\/v2\/comments?post=15137"}],"version-history":[{"count":7,"href":"https:\/\/blog.polityka.pl\/adamczewski\/wp-json\/wp\/v2\/posts\/15137\/revisions"}],"predecessor-version":[{"id":15154,"href":"https:\/\/blog.polityka.pl\/adamczewski\/wp-json\/wp\/v2\/posts\/15137\/revisions\/15154"}],"wp:attachment":[{"href":"https:\/\/blog.polityka.pl\/adamczewski\/wp-json\/wp\/v2\/media?parent=15137"}],"wp:term":[{"taxonomy":"category","embeddable":true,"href":"https:\/\/blog.polityka.pl\/adamczewski\/wp-json\/wp\/v2\/categories?post=15137"},{"taxonomy":"post_tag","embeddable":true,"href":"https:\/\/blog.polityka.pl\/adamczewski\/wp-json\/wp\/v2\/tags?post=15137"}],"curies":[{"name":"wp","href":"https:\/\/api.w.org\/{rel}","templated":true}]}}