
{"id":1514,"date":"2010-01-27T08:00:40","date_gmt":"2010-01-27T07:00:40","guid":{"rendered":"http:\/\/adamczewski.blog.polityka.pl\/?p=1514"},"modified":"2010-01-27T08:22:15","modified_gmt":"2010-01-27T07:22:15","slug":"zgadnij-co-gotujemy-21-b-2","status":"publish","type":"post","link":"https:\/\/blog.polityka.pl\/adamczewski\/2010\/01\/27\/zgadnij-co-gotujemy-21-b-2\/","title":{"rendered":"Zgadnij co gotujemy? (21 B)"},"content":{"rendered":"<p class=\"MsoNormal\" style=\"line-height: 150%; margin: 0cm 0cm 10pt;\"><strong style=\"mso-bidi-font-weight: normal;\"><\/strong><\/p>\n<p class=\"MsoNormal\" style=\"line-height: 150%; margin: 0cm 0cm 10pt;\"><span style=\"line-height: 150%; font-family: \"><a href=\"\/wp-content\/uploads\/2010\/01\/kalendarz-polityki.jpg\"><img loading=\"lazy\" decoding=\"async\" class=\"alignleft size-full wp-image-1515\" title=\"kalendarz-polityki\" src=\"\/wp-content\/uploads\/2010\/01\/kalendarz-polityki.jpg\" alt=\"\" width=\"195\" height=\"480\" \/><\/a>Ko\u0144czy si\u0119 stycze\u0144 2010 roku. To ostatnia chwila gdy jeszcze mo\u017cna powiesi\u0107 w domu nowy kalendarz. Dzi\u015b nagrod\u0105 wi\u0119c b\u0119dzie Kalendarz &#8222;Polityki&#8221; z zegarem. Jest to klasyczny kalendarz tr\u00f3jdzielny czyli prezentuj\u0105cy r\u00f3wnocze\u015bnie trzy miesi\u0105ce: ten, kt\u00f3ry min\u0105\u0142, bie\u017c\u0105cy i nast\u0119pny. A zegar elektryczny (na bateryjk\u0119 do\u0142\u0105czon\u0105 do przesy\u0142ki) jest do\u015b\u0107 precyzyjny. Ca\u0142o\u015b\u0107\u00a0&#8211; elegancka. <\/span><\/p>\n<p class=\"MsoNormal\" style=\"line-height: 150%; margin: 0cm 0cm 10pt;\"><span style=\"line-height: 150%; font-family: \">Aby utrzyma\u0107 si\u0119 w quizowych regu\u0142ach pytania b\u0119d\u0105 z r\u00f3\u017cnych stref czasowych.<\/span><\/p>\n<p class=\"MsoNormal\" style=\"line-height: 150%; margin: 0cm 0cm 10pt;\"><span style=\"line-height: 150%; font-family: \">1\u00a0&#8211; Co to jest<span style=\"mso-spacerun: yes;\">\u00a0 <\/span>orszada?<\/span><\/p>\n<p class=\"MsoNormal\" style=\"line-height: 150%; margin: 0cm 0cm 10pt;\"><span style=\"line-height: 150%; font-family: \">2\u00a0&#8211; Sukiyaki to danie azjatyckie\u00a0&#8211; z jakiego produktu i z jakiego kraju?<\/span><\/p>\n<p class=\"MsoNormal\" style=\"line-height: 150%; margin: 0cm 0cm 10pt;\"><span style=\"line-height: 150%; font-family: \">3\u00a0&#8211; Pastel del chochlo to obrazek malowany pastelami i wisz\u0105cy w jadalni?<\/span><\/p>\n<p class=\"MsoNormal\" style=\"line-height: 150%; margin: 0cm 0cm 10pt;\"><span style=\"line-height: 150%; font-family: \">Chyba nie nam\u0119czycie si\u0119 specjalnie szukaj\u0105c odpowiedzi na te pytania. I teraz rol\u0119 gra czas odmierzany na zegarze &#8222;Polityki&#8221;. Odpowiedzi i adresy pocztowe przesy\u0142ajcie tu: <a href=\"mailto:Internet@polityka.com.pl\">Internet@polityka.com.pl<\/a><span style=\"mso-spacerun: yes;\">\u00a0\u00a0\u00a0 <\/span>Czekam cierpliwie i zaraz wezw\u0119 listonosza.<\/span><\/p>\n<p class=\"MsoNormal\" style=\"line-height: 150%; margin: 0cm 0cm 10pt;\"><span style=\"line-height: 150%; font-family: \">\u00a0<\/span><\/p>\n<p class=\"MsoNormal\" style=\"line-height: 150%; margin: 0cm 0cm 10pt;\"><span style=\"line-height: 150%; font-family: \">\u00a0<\/span><\/p>\n","protected":false},"excerpt":{"rendered":"<p>Ko\u0144czy si\u0119 stycze\u0144 2010 roku. To ostatnia chwila gdy jeszcze mo\u017cna powiesi\u0107 w domu nowy kalendarz. Dzi\u015b nagrod\u0105 wi\u0119c b\u0119dzie Kalendarz &#8222;Polityki&#8221; z zegarem. Jest to klasyczny kalendarz tr\u00f3jdzielny czyli prezentuj\u0105cy r\u00f3wnocze\u015bnie trzy miesi\u0105ce: ten, kt\u00f3ry min\u0105\u0142, bie\u017c\u0105cy i nast\u0119pny. A zegar elektryczny (na bateryjk\u0119 do\u0142\u0105czon\u0105 do przesy\u0142ki) jest do\u015b\u0107 precyzyjny. Ca\u0142o\u015b\u0107\u00a0&#8211; elegancka. Aby utrzyma\u0107 [&hellip;]<\/p>\n","protected":false},"author":2,"featured_media":0,"comment_status":"open","ping_status":"open","sticky":false,"template":"","format":"standard","meta":{"footnotes":""},"categories":[1],"tags":[],"_links":{"self":[{"href":"https:\/\/blog.polityka.pl\/adamczewski\/wp-json\/wp\/v2\/posts\/1514"}],"collection":[{"href":"https:\/\/blog.polityka.pl\/adamczewski\/wp-json\/wp\/v2\/posts"}],"about":[{"href":"https:\/\/blog.polityka.pl\/adamczewski\/wp-json\/wp\/v2\/types\/post"}],"author":[{"embeddable":true,"href":"https:\/\/blog.polityka.pl\/adamczewski\/wp-json\/wp\/v2\/users\/2"}],"replies":[{"embeddable":true,"href":"https:\/\/blog.polityka.pl\/adamczewski\/wp-json\/wp\/v2\/comments?post=1514"}],"version-history":[{"count":0,"href":"https:\/\/blog.polityka.pl\/adamczewski\/wp-json\/wp\/v2\/posts\/1514\/revisions"}],"wp:attachment":[{"href":"https:\/\/blog.polityka.pl\/adamczewski\/wp-json\/wp\/v2\/media?parent=1514"}],"wp:term":[{"taxonomy":"category","embeddable":true,"href":"https:\/\/blog.polityka.pl\/adamczewski\/wp-json\/wp\/v2\/categories?post=1514"},{"taxonomy":"post_tag","embeddable":true,"href":"https:\/\/blog.polityka.pl\/adamczewski\/wp-json\/wp\/v2\/tags?post=1514"}],"curies":[{"name":"wp","href":"https:\/\/api.w.org\/{rel}","templated":true}]}}