
{"id":15219,"date":"2015-08-03T07:00:14","date_gmt":"2015-08-03T05:00:14","guid":{"rendered":"http:\/\/adamczewski.blog.polityka.pl\/?p=15219"},"modified":"2015-08-03T14:27:47","modified_gmt":"2015-08-03T12:27:47","slug":"wrzaski-mlaskanie-i-lokcie-na-stole","status":"publish","type":"post","link":"https:\/\/blog.polityka.pl\/adamczewski\/2015\/08\/03\/wrzaski-mlaskanie-i-lokcie-na-stole\/","title":{"rendered":"Wrzaski, mlaskanie i \u0142okcie na stole"},"content":{"rendered":"<p>Jest taka niesympatyczna anegdota z czas\u00f3w drugiej wojny \u015bwiatowej o Anglikach przychodz\u0105cych do polskich klub\u00f3w wojskowych i restauracji, by pos\u0142ucha\u0107, jak Polacy jedz\u0105 zup\u0119.<br \/>\n<!--more--><br \/>\nWkr\u00f3tce ta historyjka nabierze chyba nowego \u017cycia. Ro\u015bnie bowiem nowe pokolenie, kt\u00f3re je, g\u0142o\u015bno mlaszcz\u0105c, siorbi\u0105c, czkaj\u0105c i zamiast rozmawia\u0107 &#8211; wrzeszczy. A uczy si\u0119 tych manier z jak\u017ce licznych seriali telewizyjnych.<\/p>\n<p>Pewien zupe\u0142nie nieznany blogowicz nam\u00f3wi\u0142 mnie do obejrzenia bardzo podobno popularnego serialu komediowego &#8222;Rodzinka.pl&#8221;. Graj\u0105 w nim niezwykle popularni aktorzy, m.in. Ma\u0142gorzata Ko\u017cuchowska, Agata Kulesza, Tomasz Karolak i m\u0142odociana gwiazda Maciej Musia\u0142. Rzecz si\u0119 dzieje w wielodzietnej rodzinie inteligent\u00f3w, kt\u00f3ra sporo czasu sp\u0119dza przy stole. Takie filmy ciesz\u0105ce si\u0119 olbrzymi\u0105 popularno\u015bci\u0105 dostarczaj\u0105 rozrywki i kszta\u0142c\u0105, pokazuj\u0105c wzorce wsp\u00f3\u0142czesnej rodziny.<\/p>\n<p>Rodzina Boskich uczy wi\u0119c, \u017ce dzieci i rodzice nie rozmawiaj\u0105 ze sob\u0105, tylko wrzeszcz\u0105. Cz\u0119sto te\u017c u\u017cywaj\u0105 s\u0142\u00f3w ca\u0142kiem nieparlamentarnych. Wszyscy wszystkich usi\u0142uj\u0105 oszuka\u0107, wi\u0119c k\u0142amstwo jest na porz\u0105dku dziennym.<\/p>\n<p>Przy stole za\u015b podczas \u015bniada\u0144, kolacji i \u015bwi\u0105tecznych przyj\u0119\u0107 siedzi si\u0119, trzymaj\u0105c \u0142okcie na stole, podpieraj\u0105c g\u0142owy, by \u0142atwiej trafi\u0107 do ust, a zup\u0119 siorbie si\u0119, trzymaj\u0105c w gar\u015bci \u0142y\u017ck\u0119. Bekanie jest roz\u015bmieszaj\u0105cym punktem programu.<\/p>\n<p>Po posi\u0142ku wszyscy rozwalaj\u0105 si\u0119 na kanapach, by k\u0142\u00f3c\u0105c si\u0119 o pilota, ogl\u0105da\u0107 program TV.<\/p>\n<p>Nie musia\u0142em si\u0119 zbyt d\u0142ugo m\u0119czy\u0107, by trafi\u0107 na podobne scenki. Rodzina Boskich bowiem du\u017co czasu sp\u0119dza przy stole i przed telewizorem. A wrzaski s\u0105 sta\u0142ym sposobem ich porozumiewania si\u0119. Zmarnowa\u0142em wi\u0119c tylko jeden wiecz\u00f3r, by dobrze przyjrze\u0107 si\u0119 tej swoistej lekcji &#8222;dobrych manier&#8221;. <\/p>\n<p>Telewizja bowiem zwykle emituje po kilka odcink\u00f3w tych samych seriali w jednym ci\u0105gu. To zapewne w celu utrwalenia w pami\u0119ci widz\u00f3w, jak rodzinka powinna funkcjonowa\u0107.<\/p>\n","protected":false},"excerpt":{"rendered":"<p>Jest taka niesympatyczna anegdota z czas\u00f3w drugiej wojny \u015bwiatowej o Anglikach przychodz\u0105cych do polskich klub\u00f3w wojskowych i restauracji, by pos\u0142ucha\u0107, jak Polacy jedz\u0105 zup\u0119.<\/p>\n","protected":false},"author":2,"featured_media":0,"comment_status":"open","ping_status":"closed","sticky":false,"template":"","format":"standard","meta":{"footnotes":""},"categories":[1],"tags":[],"_links":{"self":[{"href":"https:\/\/blog.polityka.pl\/adamczewski\/wp-json\/wp\/v2\/posts\/15219"}],"collection":[{"href":"https:\/\/blog.polityka.pl\/adamczewski\/wp-json\/wp\/v2\/posts"}],"about":[{"href":"https:\/\/blog.polityka.pl\/adamczewski\/wp-json\/wp\/v2\/types\/post"}],"author":[{"embeddable":true,"href":"https:\/\/blog.polityka.pl\/adamczewski\/wp-json\/wp\/v2\/users\/2"}],"replies":[{"embeddable":true,"href":"https:\/\/blog.polityka.pl\/adamczewski\/wp-json\/wp\/v2\/comments?post=15219"}],"version-history":[{"count":2,"href":"https:\/\/blog.polityka.pl\/adamczewski\/wp-json\/wp\/v2\/posts\/15219\/revisions"}],"predecessor-version":[{"id":15222,"href":"https:\/\/blog.polityka.pl\/adamczewski\/wp-json\/wp\/v2\/posts\/15219\/revisions\/15222"}],"wp:attachment":[{"href":"https:\/\/blog.polityka.pl\/adamczewski\/wp-json\/wp\/v2\/media?parent=15219"}],"wp:term":[{"taxonomy":"category","embeddable":true,"href":"https:\/\/blog.polityka.pl\/adamczewski\/wp-json\/wp\/v2\/categories?post=15219"},{"taxonomy":"post_tag","embeddable":true,"href":"https:\/\/blog.polityka.pl\/adamczewski\/wp-json\/wp\/v2\/tags?post=15219"}],"curies":[{"name":"wp","href":"https:\/\/api.w.org\/{rel}","templated":true}]}}