
{"id":15226,"date":"2015-08-05T07:00:23","date_gmt":"2015-08-05T05:00:23","guid":{"rendered":"http:\/\/adamczewski.blog.polityka.pl\/?p=15226"},"modified":"2015-08-05T08:13:13","modified_gmt":"2015-08-05T06:13:13","slug":"bociany-juz-wiecuja","status":"publish","type":"post","link":"https:\/\/blog.polityka.pl\/adamczewski\/2015\/08\/05\/bociany-juz-wiecuja\/","title":{"rendered":"Bociany ju\u017c wiecuj\u0105"},"content":{"rendered":"<p>Coraz cz\u0119\u015bciej widuj\u0119 puste bocianie gniazda. By\u0142 moment, kiedy podejrzewa\u0142em, \u017ce moi skrzydlaci s\u0105siedzi odlecieli par\u0119 tygodni wcze\u015bniej ni\u017c zwykle.<br \/>\n<!--more--><br \/>\nNa szcz\u0119\u015bcie dzi\u015b w drodze do Pu\u0142tuska spostrzeg\u0142em kilkadziesi\u0105t tych pi\u0119knych ptak\u00f3w, krocz\u0105cych majestatycznie po \u015bwie\u017co zaoranym r\u017cysku i zajadaj\u0105cych bocianie przysmaki, kt\u00f3re wyci\u0105gni\u0119to na wierzch.<\/p>\n<p>Po po\u0142udniu, gdy upa\u0142 nieco zel\u017ca\u0142, us\u0142ysza\u0142em g\u0142o\u015bne klekotanie. To na \u0142\u0105kach za moim p\u0142otem zebra\u0142 si\u0119 bociani sejmik. Kr\u0105\u017c\u0105ce nad mokrad\u0142ami ptaki porozumiewa\u0142y si\u0119 g\u0142o\u015bno, zapewne ustalaj\u0105c tegoroczne trasy przelotu. Te sejmiki b\u0119d\u0105 si\u0119 odbywa\u0107 przez najbli\u017csze dni, by mniej wi\u0119cej w po\u0142owie miesi\u0105ca wznie\u015b\u0107 si\u0119 ponad chmury i ruszy\u0107 do ciep\u0142ych kraj\u00f3w.<a href=\"\/wp-content\/uploads\/2015\/08\/EN_01141603_0004.jpg\"><img loading=\"lazy\" decoding=\"async\" class=\"aligncenter size-full wp-image-15232\" src=\"\/wp-content\/uploads\/2015\/08\/EN_01141603_0004.jpg\" alt=\"EN_01141603_0004\" width=\"1024\" height=\"606\" srcset=\"\/adamczewski\/wp-content\/uploads\/2015\/08\/EN_01141603_0004.jpg 1024w, \/adamczewski\/wp-content\/uploads\/2015\/08\/EN_01141603_0004-300x177.jpg 300w\" sizes=\"(max-width: 1024px) 100vw, 1024px\" \/><\/a><\/p>\n<p>Fot. East News<\/p>\n<p>&nbsp;<\/p>\n<p>Cho\u0107 prawdziwie ciep\u0142ym krajem okazuje si\u0119 nasza ojczyzna. Termometr za oknem (ulokowany w cieniu) wskazuje 32 st. C i &#8211; jak informuj\u0105 meteorolodzy &#8211; nie jest to jeszcze tegoroczny rekord. Mnie takie upa\u0142y nie przeszkadzaj\u0105, a nawet w ich poszukiwaniu wyje\u017cd\u017cam w szczycie lata na po\u0142udnie Italii. W tym roku na szcz\u0119\u015bcie dla mnie to w\u0142oskie upa\u0142y przyw\u0119drowa\u0142y na Kurpie. Wida\u0107 niezbyt dobrze ukrywa\u0142em tajemnic\u0119, \u017ce nigdzie si\u0119 tym razem nie wybieram.<\/p>\n<p>W\u0142oskie wina i w\u0142oska kuchnia uprzyjemniaj\u0105 mi dni pe\u0142ne pracy. Weranda za\u015b z oknami pootwieranymi na przestrza\u0142 jest doskona\u0142ym miejscem, w kt\u00f3rym \u017caden upa\u0142 nie jest mi straszny. Czekam wi\u0119c spokojnie na wizyt\u0119 zjazdowicz\u00f3w, kt\u00f3rzy obiecali mnie odwiedzi\u0107 pod wodz\u0105 Danu\u015bki znaj\u0105cej zawi\u0142e \u015bcie\u017cki prowadz\u0105ce znad Bugu nad Narew.<\/p>\n","protected":false},"excerpt":{"rendered":"<p>Coraz cz\u0119\u015bciej widuj\u0119 puste bocianie gniazda. By\u0142 moment, kiedy podejrzewa\u0142em, \u017ce moi skrzydlaci s\u0105siedzi odlecieli par\u0119 tygodni wcze\u015bniej ni\u017c zwykle.<\/p>\n","protected":false},"author":2,"featured_media":0,"comment_status":"open","ping_status":"closed","sticky":false,"template":"","format":"standard","meta":{"footnotes":""},"categories":[1],"tags":[],"_links":{"self":[{"href":"https:\/\/blog.polityka.pl\/adamczewski\/wp-json\/wp\/v2\/posts\/15226"}],"collection":[{"href":"https:\/\/blog.polityka.pl\/adamczewski\/wp-json\/wp\/v2\/posts"}],"about":[{"href":"https:\/\/blog.polityka.pl\/adamczewski\/wp-json\/wp\/v2\/types\/post"}],"author":[{"embeddable":true,"href":"https:\/\/blog.polityka.pl\/adamczewski\/wp-json\/wp\/v2\/users\/2"}],"replies":[{"embeddable":true,"href":"https:\/\/blog.polityka.pl\/adamczewski\/wp-json\/wp\/v2\/comments?post=15226"}],"version-history":[{"count":7,"href":"https:\/\/blog.polityka.pl\/adamczewski\/wp-json\/wp\/v2\/posts\/15226\/revisions"}],"predecessor-version":[{"id":15237,"href":"https:\/\/blog.polityka.pl\/adamczewski\/wp-json\/wp\/v2\/posts\/15226\/revisions\/15237"}],"wp:attachment":[{"href":"https:\/\/blog.polityka.pl\/adamczewski\/wp-json\/wp\/v2\/media?parent=15226"}],"wp:term":[{"taxonomy":"category","embeddable":true,"href":"https:\/\/blog.polityka.pl\/adamczewski\/wp-json\/wp\/v2\/categories?post=15226"},{"taxonomy":"post_tag","embeddable":true,"href":"https:\/\/blog.polityka.pl\/adamczewski\/wp-json\/wp\/v2\/tags?post=15226"}],"curies":[{"name":"wp","href":"https:\/\/api.w.org\/{rel}","templated":true}]}}