
{"id":15238,"date":"2015-08-06T07:20:53","date_gmt":"2015-08-06T05:20:53","guid":{"rendered":"http:\/\/adamczewski.blog.polityka.pl\/?p=15238"},"modified":"2015-08-06T07:52:13","modified_gmt":"2015-08-06T05:52:13","slug":"czas-mija-i-co-po-nas-zostaje","status":"publish","type":"post","link":"https:\/\/blog.polityka.pl\/adamczewski\/2015\/08\/06\/czas-mija-i-co-po-nas-zostaje\/","title":{"rendered":"Czas mija i co po nas zostaje?"},"content":{"rendered":"<p>Ostatnio Pyra westchn\u0119\u0142a bole\u015bnie, \u017ce staro\u015b\u0107 jest nieprzyjemna, bo tu strzyka, a tam boli. Zastanowi\u0142em si\u0119, czy my\u015bl\u0119 podobnie.<br \/>\n<!--more--><br \/>\nChyba jednak jestem bardziej radosnym facetem, cho\u0107 w do\u015b\u0107 zaawansowanym wieku.<\/p>\n<p>Po pierwsze, nie dostrzegam (a przynajmniej staram si\u0119) tego \u0142upania w stawach czy szybkiego \u0142apania zadyszki. Po drugie, ca\u0142y czas pracuj\u0119 i nie dostrzegam up\u0142ywu czasu.<\/p>\n<p>Widz\u0119 te\u017c, jak zape\u0142nia si\u0119 p\u00f3\u0142eczka z ksi\u0105\u017ckami napisanymi na mojej le\u015bnej werandzie. To daje sporo satysfakcji. A jeszcze wi\u0119cej rado\u015bci powoduje obserwacja kolejnego pokolenia rodziny, odnosz\u0105cego ju\u017c w\u0142asne sukcesy, mimo \u017ce stoi ono dopiero u progu doros\u0142o\u015bci.<\/p>\n<p>Na koniec &#8211; rado\u015b\u0107 \u017cycia przekazano mi w genach. Babcia Eufrozyna (o kt\u00f3rej tak cz\u0119sto tu wspominam) umia\u0142a si\u0119 cieszy\u0107 \u017cyciem. A zostawi\u0142a nam to wszystko, dodaj\u0105c gar\u015b\u0107 (niema\u0142\u0105) przepis\u00f3w kulinarnych, kt\u00f3re jak\u017ce uprzyjemniaj\u0105 \u017cycie.<\/p>\n<p>I to nale\u017cy rozpami\u0119tywa\u0107, a nie my\u015ble\u0107 o bol\u0105cych korzonkach.<\/p>\n<div id=\"attachment_15240\" style=\"width: 630px\" class=\"wp-caption aligncenter\"><a href=\"\/wp-content\/uploads\/2015\/08\/Babcia-Eufrozyna-w-metrze.jpg\"><img loading=\"lazy\" decoding=\"async\" aria-describedby=\"caption-attachment-15240\" src=\"\/wp-content\/uploads\/2015\/08\/Babcia-Eufrozyna-w-metrze-1024x768.jpg\" alt=\"Zdj\u0119cie Babci dwudziestokilkuletniej z miesi\u0119cznika &quot;Karta&quot;\" width=\"620\" height=\"465\" class=\"size-large wp-image-15240\" srcset=\"\/adamczewski\/wp-content\/uploads\/2015\/08\/Babcia-Eufrozyna-w-metrze-1024x768.jpg 1024w, \/adamczewski\/wp-content\/uploads\/2015\/08\/Babcia-Eufrozyna-w-metrze-300x225.jpg 300w\" sizes=\"(max-width: 620px) 100vw, 620px\" \/><\/a><p id=\"caption-attachment-15240\" class=\"wp-caption-text\">Zdj\u0119cie Babci dwudziestokilkuletniej z miesi\u0119cznika &#8222;Karta&#8221;<\/p><\/div>\n<div id=\"attachment_15241\" style=\"width: 630px\" class=\"wp-caption aligncenter\"><a href=\"\/wp-content\/uploads\/2015\/08\/Babcie-w-\u0141\u0119cinie-19771.jpg\"><img loading=\"lazy\" decoding=\"async\" aria-describedby=\"caption-attachment-15241\" src=\"\/wp-content\/uploads\/2015\/08\/Babcie-w-\u0141\u0119cinie-19771-1024x682.jpg\" alt=\"Babcia w \u0141\u0119cinie (w chusteczce na g\u0142owie) liczy ju\u017c ponad 90 lat\" width=\"620\" height=\"412\" class=\"size-large wp-image-15241\" srcset=\"\/adamczewski\/wp-content\/uploads\/2015\/08\/Babcie-w-\u0141\u0119cinie-19771-1024x682.jpg 1024w, \/adamczewski\/wp-content\/uploads\/2015\/08\/Babcie-w-\u0141\u0119cinie-19771-300x200.jpg 300w\" sizes=\"(max-width: 620px) 100vw, 620px\" \/><\/a><p id=\"caption-attachment-15241\" class=\"wp-caption-text\">Babcia w \u0141\u0119cinie (w chusteczce na g\u0142owie) liczy ju\u017c ponad 90 lat<\/p><\/div>\n","protected":false},"excerpt":{"rendered":"<p>Ostatnio Pyra westchn\u0119\u0142a bole\u015bnie, \u017ce staro\u015b\u0107 jest nieprzyjemna, bo tu strzyka, a tam boli. Zastanowi\u0142em si\u0119, czy my\u015bl\u0119 podobnie.<\/p>\n","protected":false},"author":2,"featured_media":0,"comment_status":"open","ping_status":"closed","sticky":false,"template":"","format":"standard","meta":{"footnotes":""},"categories":[1],"tags":[],"_links":{"self":[{"href":"https:\/\/blog.polityka.pl\/adamczewski\/wp-json\/wp\/v2\/posts\/15238"}],"collection":[{"href":"https:\/\/blog.polityka.pl\/adamczewski\/wp-json\/wp\/v2\/posts"}],"about":[{"href":"https:\/\/blog.polityka.pl\/adamczewski\/wp-json\/wp\/v2\/types\/post"}],"author":[{"embeddable":true,"href":"https:\/\/blog.polityka.pl\/adamczewski\/wp-json\/wp\/v2\/users\/2"}],"replies":[{"embeddable":true,"href":"https:\/\/blog.polityka.pl\/adamczewski\/wp-json\/wp\/v2\/comments?post=15238"}],"version-history":[{"count":4,"href":"https:\/\/blog.polityka.pl\/adamczewski\/wp-json\/wp\/v2\/posts\/15238\/revisions"}],"predecessor-version":[{"id":15242,"href":"https:\/\/blog.polityka.pl\/adamczewski\/wp-json\/wp\/v2\/posts\/15238\/revisions\/15242"}],"wp:attachment":[{"href":"https:\/\/blog.polityka.pl\/adamczewski\/wp-json\/wp\/v2\/media?parent=15238"}],"wp:term":[{"taxonomy":"category","embeddable":true,"href":"https:\/\/blog.polityka.pl\/adamczewski\/wp-json\/wp\/v2\/categories?post=15238"},{"taxonomy":"post_tag","embeddable":true,"href":"https:\/\/blog.polityka.pl\/adamczewski\/wp-json\/wp\/v2\/tags?post=15238"}],"curies":[{"name":"wp","href":"https:\/\/api.w.org\/{rel}","templated":true}]}}