
{"id":15245,"date":"2015-08-07T07:00:51","date_gmt":"2015-08-07T05:00:51","guid":{"rendered":"http:\/\/adamczewski.blog.polityka.pl\/?p=15245"},"modified":"2015-08-06T11:45:06","modified_gmt":"2015-08-06T09:45:06","slug":"rodzina-rozpierzchla-sie-po-europie","status":"publish","type":"post","link":"https:\/\/blog.polityka.pl\/adamczewski\/2015\/08\/07\/rodzina-rozpierzchla-sie-po-europie\/","title":{"rendered":"Rodzina rozpierzch\u0142a si\u0119 po Europie"},"content":{"rendered":"<p>Pusto zrobi\u0142o si\u0119 na mojej wsi (a konkretnie &#8211; w mojej zagrodzie).<br \/>\n<!--more--><br \/>\nRozpierzch\u0142a si\u0119 m\u0142odsza cz\u0119\u015b\u0107 rodziny po Europie. Cz\u0119\u015b\u0107 w\u0119druje pieszo przez Czarnog\u00f3r\u0119, cz\u0119\u015b\u0107 za\u015b wynaj\u0119tym samochodem przez przepi\u0119kny region Italii &#8211; Marche &#8211; zawadzaj\u0105c oczywi\u015bcie o Urbino.<\/p>\n<p>Nam za\u015b pozosta\u0142a t\u0119sknota i podlewanie ogrodu.<\/p>\n<p>A tak si\u0119 zarzeka\u0142em, \u017ce nie znosz\u0119 prac ogrodniczych i nie b\u0119d\u0119 grzeba\u0142 w piasku. Jednak solidarno\u015b\u0107 rodzinna i niech\u0119\u0107 do marnotrawstwa powoduj\u0105, \u017ce co wiecz\u00f3r chwytam za w\u0119\u017ca i \u0142a\u017c\u0119 mi\u0119dzy zielonymi li\u015b\u0107mi kabaczk\u00f3w, dy\u0144, s\u0142onecznik\u00f3w i krzewami r\u00f3\u017cnych r\u00f3\u017cno\u015bci, z kt\u00f3rych przyjemno\u015bci czerpi\u0105 mieszkaj\u0105ce w okolicy ptaki. Zanim bowiem doczekam dojrza\u0142o\u015bci bor\u00f3wek czy porzeczek, to znajduj\u0119 na polewanych przeze mnie krzewach ju\u017c tylko puste ga\u0142\u0105zki. No i utwierdzam si\u0119 w swej niech\u0119ci do ogrodnictwa.<a href=\"\/wp-content\/uploads\/2015\/08\/Dzieci-Zuza-w-Portugalii.jpg\"><img loading=\"lazy\" decoding=\"async\" src=\"\/wp-content\/uploads\/2015\/08\/Dzieci-Zuza-w-Portugalii-1024x768.jpg\" alt=\"Dzieci Zuza w Portugalii\" width=\"620\" height=\"465\" class=\"aligncenter size-large wp-image-15249\" srcset=\"\/adamczewski\/wp-content\/uploads\/2015\/08\/Dzieci-Zuza-w-Portugalii-1024x768.jpg 1024w, \/adamczewski\/wp-content\/uploads\/2015\/08\/Dzieci-Zuza-w-Portugalii-300x225.jpg 300w, \/adamczewski\/wp-content\/uploads\/2015\/08\/Dzieci-Zuza-w-Portugalii.jpg 1600w\" sizes=\"(max-width: 620px) 100vw, 620px\" \/><\/a>A w\u0142a\u015bciciele tej bujnej ro\u015blinno\u015bci, po zasadzeniu i obejrzeniu okresu kwitnienia owocodajnych krzaczk\u00f3w i &#8222;pe\u0142zaczk\u00f3w&#8221;, ganiaj\u0105 tysi\u0105ce kilometr\u00f3w od domu,\u00a0zajadaj\u0105c miejscowe owocowe pyszno\u015bci i nie troszcz\u0105c si\u0119 o dalsze losy w\u0142asnego ogrodu.<\/p>\n","protected":false},"excerpt":{"rendered":"<p>Pusto zrobi\u0142o si\u0119 na mojej wsi (a konkretnie &#8211; w mojej zagrodzie).<\/p>\n","protected":false},"author":2,"featured_media":0,"comment_status":"open","ping_status":"closed","sticky":false,"template":"","format":"standard","meta":{"footnotes":""},"categories":[1],"tags":[],"_links":{"self":[{"href":"https:\/\/blog.polityka.pl\/adamczewski\/wp-json\/wp\/v2\/posts\/15245"}],"collection":[{"href":"https:\/\/blog.polityka.pl\/adamczewski\/wp-json\/wp\/v2\/posts"}],"about":[{"href":"https:\/\/blog.polityka.pl\/adamczewski\/wp-json\/wp\/v2\/types\/post"}],"author":[{"embeddable":true,"href":"https:\/\/blog.polityka.pl\/adamczewski\/wp-json\/wp\/v2\/users\/2"}],"replies":[{"embeddable":true,"href":"https:\/\/blog.polityka.pl\/adamczewski\/wp-json\/wp\/v2\/comments?post=15245"}],"version-history":[{"count":6,"href":"https:\/\/blog.polityka.pl\/adamczewski\/wp-json\/wp\/v2\/posts\/15245\/revisions"}],"predecessor-version":[{"id":15247,"href":"https:\/\/blog.polityka.pl\/adamczewski\/wp-json\/wp\/v2\/posts\/15245\/revisions\/15247"}],"wp:attachment":[{"href":"https:\/\/blog.polityka.pl\/adamczewski\/wp-json\/wp\/v2\/media?parent=15245"}],"wp:term":[{"taxonomy":"category","embeddable":true,"href":"https:\/\/blog.polityka.pl\/adamczewski\/wp-json\/wp\/v2\/categories?post=15245"},{"taxonomy":"post_tag","embeddable":true,"href":"https:\/\/blog.polityka.pl\/adamczewski\/wp-json\/wp\/v2\/tags?post=15245"}],"curies":[{"name":"wp","href":"https:\/\/api.w.org\/{rel}","templated":true}]}}