
{"id":15253,"date":"2015-08-10T07:00:35","date_gmt":"2015-08-10T05:00:35","guid":{"rendered":"http:\/\/adamczewski.blog.polityka.pl\/?p=15253"},"modified":"2015-08-11T11:26:51","modified_gmt":"2015-08-11T09:26:51","slug":"upal-na-wsi-jest-do-wytrzymania","status":"publish","type":"post","link":"https:\/\/blog.polityka.pl\/adamczewski\/2015\/08\/10\/upal-na-wsi-jest-do-wytrzymania\/","title":{"rendered":"Upa\u0142 na wsi jest do wytrzymania"},"content":{"rendered":"<p>Musz\u0119 a\u017c trzy dni bie\u017c\u0105cego tygodnia sp\u0119dzi\u0107 w mie\u015bcie. Wszyscy mnie przestrzegaj\u0105, \u017ce upa\u0142 w mie\u015bcie jest znacznie trudniejszy do zniesienia ni\u017c te same wysokie temperatury panuj\u0105ce na wsi. To prawda.<br \/>\n<!--more--><br \/>\nPrzekona\u0142em si\u0119 o tym natychmiast po zostawieniu auta w gara\u017cu i wyj\u015bciu na ulic\u0119. Przej\u015bcie kilkunastu krok\u00f3w do sklepu z gazetami by\u0142o tortur\u0105. Nie do\u015b\u0107, \u017ce brak cienia i s\u0142o\u0144ce atakuje promieniami, to mury dom\u00f3w nagrzane jak hutnicze piece oddaj\u0105 swoje gor\u0105co i cz\u0142owiek nie ma gdzie si\u0119 schroni\u0107.<\/p>\n<p>Na szcz\u0119\u015bcie miejsca, w kt\u00f3rych mam sp\u0119dzi\u0107 wi\u0119kszo\u015b\u0107 czasu, s\u0105 klimatyzowane wi\u0119c &#8211; mam nadziej\u0119 &#8211; jako\u015b to przetrzymam. A w czwartek ju\u017c b\u0119d\u0119 zn\u00f3w na wsi. Tu za\u015b klimatyzacj\u0119 zast\u0119puje przeci\u0105g wywo\u0142any otwarciem wszystkich okien na werandzie, a w domu z kolei zamkni\u0119te okna i zaci\u0105gni\u0119te zas\u0142ony obni\u017caj\u0105 temperatur\u0119 o kilka stopni.<\/p>\n<p>Na dodatek mn\u00f3stwo \u017ar\u00f3dlanej wody lub &#8211; gdy zapas niespodziewanie si\u0119 sko\u0144czy &#8211; \u015bwie\u017ca woda ze studni (pompa elektryczna czerpie j\u0105 z 12 metr\u00f3w), najwspanialszy spos\u00f3b przywracania organizmu do r\u00f3wnowagi.<a href=\"\/wp-content\/uploads\/2015\/08\/wody-mineralne-P4080015.jpg\"><img loading=\"lazy\" decoding=\"async\" src=\"\/wp-content\/uploads\/2015\/08\/wody-mineralne-P4080015-1024x768.jpg\" alt=\"OLYMPUS DIGITAL CAMERA\" width=\"620\" height=\"465\" class=\"aligncenter size-large wp-image-15256\" srcset=\"\/adamczewski\/wp-content\/uploads\/2015\/08\/wody-mineralne-P4080015-1024x768.jpg 1024w, \/adamczewski\/wp-content\/uploads\/2015\/08\/wody-mineralne-P4080015-300x225.jpg 300w\" sizes=\"(max-width: 620px) 100vw, 620px\" \/><\/a>Pr\u00f3bowa\u0142em wod\u0119 zast\u0105pi\u0107 bia\u0142ym lub r\u00f3\u017cowym lodowatym winem, ale nie przynios\u0142o to w\u0142a\u015bciwych rezultat\u00f3w. Nie sprawia\u0142o mi \u017cadnej przyjemno\u015bci. <\/p>\n<p>Czekam wi\u0119c na naturalny spadek temperatury przy lekkiej diecie sa\u0142atowo-owocowej. Pocieszam te\u017c si\u0119 my\u015bl\u0105, \u017ce przy okazji znikaj\u0105 zb\u0119dne kilogramy.<\/p>\n","protected":false},"excerpt":{"rendered":"<p>Musz\u0119 a\u017c trzy dni bie\u017c\u0105cego tygodnia sp\u0119dzi\u0107 w mie\u015bcie. Wszyscy mnie przestrzegaj\u0105, \u017ce upa\u0142 w mie\u015bcie jest znacznie trudniejszy do zniesienia ni\u017c te same wysokie temperatury panuj\u0105ce na wsi. To prawda.<\/p>\n","protected":false},"author":2,"featured_media":0,"comment_status":"open","ping_status":"closed","sticky":false,"template":"","format":"standard","meta":{"footnotes":""},"categories":[1],"tags":[],"_links":{"self":[{"href":"https:\/\/blog.polityka.pl\/adamczewski\/wp-json\/wp\/v2\/posts\/15253"}],"collection":[{"href":"https:\/\/blog.polityka.pl\/adamczewski\/wp-json\/wp\/v2\/posts"}],"about":[{"href":"https:\/\/blog.polityka.pl\/adamczewski\/wp-json\/wp\/v2\/types\/post"}],"author":[{"embeddable":true,"href":"https:\/\/blog.polityka.pl\/adamczewski\/wp-json\/wp\/v2\/users\/2"}],"replies":[{"embeddable":true,"href":"https:\/\/blog.polityka.pl\/adamczewski\/wp-json\/wp\/v2\/comments?post=15253"}],"version-history":[{"count":6,"href":"https:\/\/blog.polityka.pl\/adamczewski\/wp-json\/wp\/v2\/posts\/15253\/revisions"}],"predecessor-version":[{"id":15257,"href":"https:\/\/blog.polityka.pl\/adamczewski\/wp-json\/wp\/v2\/posts\/15253\/revisions\/15257"}],"wp:attachment":[{"href":"https:\/\/blog.polityka.pl\/adamczewski\/wp-json\/wp\/v2\/media?parent=15253"}],"wp:term":[{"taxonomy":"category","embeddable":true,"href":"https:\/\/blog.polityka.pl\/adamczewski\/wp-json\/wp\/v2\/categories?post=15253"},{"taxonomy":"post_tag","embeddable":true,"href":"https:\/\/blog.polityka.pl\/adamczewski\/wp-json\/wp\/v2\/tags?post=15253"}],"curies":[{"name":"wp","href":"https:\/\/api.w.org\/{rel}","templated":true}]}}