
{"id":15260,"date":"2015-08-11T10:12:58","date_gmt":"2015-08-11T08:12:58","guid":{"rendered":"http:\/\/adamczewski.blog.polityka.pl\/?p=15260"},"modified":"2015-08-11T11:23:10","modified_gmt":"2015-08-11T09:23:10","slug":"jest-dobrze-choc-nie-beznadziejnie","status":"publish","type":"post","link":"https:\/\/blog.polityka.pl\/adamczewski\/2015\/08\/11\/jest-dobrze-choc-nie-beznadziejnie\/","title":{"rendered":"Jest dobrze, cho\u0107 nie beznadziejnie"},"content":{"rendered":"<p>Tak mawia\u0142 jeden z moich przyjaci\u00f3\u0142 w sytuacjach ma\u0142o przyjemnych, ale koniecznych do przetrwania.<br \/>\n<!--more--><br \/>\nI tak w\u0142a\u015bnie jest dzi\u015b w Warszawie. To m\u00f3j drugi dzie\u0144 w mie\u015bcie i okazuje si\u0119, \u017ce musz\u0119 zaadaptowa\u0107 si\u0119 do miejskiego \u017cycia po pi\u0119ciu miesi\u0105cach sp\u0119dzonych na \u0142onie przyrody.<\/p>\n<p>Rano zamiast krzyku \u017curawi s\u0142ysz\u0119 ryk karetek pogotowia lub policyjnych woz\u00f3w (bo mieszkam obok Komendy G\u0142\u00f3wnej Policji), w po\u0142udnie zamiast porykiwania kr\u00f3w domagaj\u0105cych si\u0119 dojenia s\u0142ysz\u0119 przelatuj\u0105ce nad domem helikoptery albo samoloty pod\u0105\u017caj\u0105ce na Ok\u0119cie. Wieczorem za\u015b ze wszystkich otwartych okien s\u0142ycha\u0107 kakofoni\u0119 d\u017awi\u0119k\u00f3w wydobywaj\u0105cych si\u0119 z telewizor\u00f3w nastawionych na wszelkie stacje. Rado\u015b\u0107 miejskiego \u017cycia.<a href=\"\/wp-content\/uploads\/2015\/07\/borsuk-EN_01159806_2885.jpg\"><img loading=\"lazy\" decoding=\"async\" src=\"\/wp-content\/uploads\/2015\/07\/borsuk-EN_01159806_2885.jpg\" alt=\"FLPA  memory stick 12.2014\" width=\"480\" height=\"320\" class=\"aligncenter size-full wp-image-15167\" srcset=\"\/adamczewski\/wp-content\/uploads\/2015\/07\/borsuk-EN_01159806_2885.jpg 480w, \/adamczewski\/wp-content\/uploads\/2015\/07\/borsuk-EN_01159806_2885-300x200.jpg 300w\" sizes=\"(max-width: 480px) 100vw, 480px\" \/><\/a>Dopiero p\u00f3\u017an\u0105 noc\u0105 miasto zamiera i nast\u0119puje cisza. I tylko brak krzyku derkaczy, bo w parkach ich nie ma jak u mnie na \u0142\u0105ce, oraz tupotu sarnich kopytek albo ci\u0119\u017cszego \u0142oskotu dzik\u00f3w, gdy stadko biegnie, by dobra\u0107 si\u0119 do dojrzewaj\u0105cej kukurydzy u s\u0105siada.<a href=\"\/wp-content\/uploads\/2015\/02\/Dzik-East-News.jpg\"><img loading=\"lazy\" decoding=\"async\" src=\"\/wp-content\/uploads\/2015\/02\/Dzik-East-News.jpg\" alt=\"Dzik - East News\" width=\"500\" height=\"334\" class=\"aligncenter size-full wp-image-14236\" srcset=\"\/adamczewski\/wp-content\/uploads\/2015\/02\/Dzik-East-News.jpg 500w, \/adamczewski\/wp-content\/uploads\/2015\/02\/Dzik-East-News-300x200.jpg 300w\" sizes=\"(max-width: 500px) 100vw, 500px\" \/><\/a>Jeszcze tylko dwa dni i wracam do swojego naturalnego \u015brodowiska.<\/p>\n<div id=\"attachment_13900\" style=\"width: 630px\" class=\"wp-caption aligncenter\"><a href=\"\/wp-content\/uploads\/2015\/01\/Osio\u0142.jpg\"><img loading=\"lazy\" decoding=\"async\" aria-describedby=\"caption-attachment-13900\" src=\"\/wp-content\/uploads\/2015\/01\/Osio\u0142-1024x768.jpg\" alt=\"Fot. P. Adamczewski\" width=\"620\" height=\"465\" class=\"size-large wp-image-13900\" srcset=\"\/adamczewski\/wp-content\/uploads\/2015\/01\/Osio\u0142-1024x768.jpg 1024w, \/adamczewski\/wp-content\/uploads\/2015\/01\/Osio\u0142-300x225.jpg 300w\" sizes=\"(max-width: 620px) 100vw, 620px\" \/><\/a><p id=\"caption-attachment-13900\" class=\"wp-caption-text\">Fot. P. Adamczewski<\/p><\/div>\n","protected":false},"excerpt":{"rendered":"<p>Tak mawia\u0142 jeden z moich przyjaci\u00f3\u0142 w sytuacjach ma\u0142o przyjemnych, ale koniecznych do przetrwania.<\/p>\n","protected":false},"author":2,"featured_media":0,"comment_status":"open","ping_status":"closed","sticky":false,"template":"","format":"standard","meta":{"footnotes":""},"categories":[1],"tags":[],"_links":{"self":[{"href":"https:\/\/blog.polityka.pl\/adamczewski\/wp-json\/wp\/v2\/posts\/15260"}],"collection":[{"href":"https:\/\/blog.polityka.pl\/adamczewski\/wp-json\/wp\/v2\/posts"}],"about":[{"href":"https:\/\/blog.polityka.pl\/adamczewski\/wp-json\/wp\/v2\/types\/post"}],"author":[{"embeddable":true,"href":"https:\/\/blog.polityka.pl\/adamczewski\/wp-json\/wp\/v2\/users\/2"}],"replies":[{"embeddable":true,"href":"https:\/\/blog.polityka.pl\/adamczewski\/wp-json\/wp\/v2\/comments?post=15260"}],"version-history":[{"count":5,"href":"https:\/\/blog.polityka.pl\/adamczewski\/wp-json\/wp\/v2\/posts\/15260\/revisions"}],"predecessor-version":[{"id":15262,"href":"https:\/\/blog.polityka.pl\/adamczewski\/wp-json\/wp\/v2\/posts\/15260\/revisions\/15262"}],"wp:attachment":[{"href":"https:\/\/blog.polityka.pl\/adamczewski\/wp-json\/wp\/v2\/media?parent=15260"}],"wp:term":[{"taxonomy":"category","embeddable":true,"href":"https:\/\/blog.polityka.pl\/adamczewski\/wp-json\/wp\/v2\/categories?post=15260"},{"taxonomy":"post_tag","embeddable":true,"href":"https:\/\/blog.polityka.pl\/adamczewski\/wp-json\/wp\/v2\/tags?post=15260"}],"curies":[{"name":"wp","href":"https:\/\/api.w.org\/{rel}","templated":true}]}}