
{"id":15292,"date":"2015-08-17T07:00:04","date_gmt":"2015-08-17T05:00:04","guid":{"rendered":"http:\/\/adamczewski.blog.polityka.pl\/?p=15292"},"modified":"2015-08-18T10:32:46","modified_gmt":"2015-08-18T08:32:46","slug":"madra-lektura-lepsza-niz-oklad-z-lodu","status":"publish","type":"post","link":"https:\/\/blog.polityka.pl\/adamczewski\/2015\/08\/17\/madra-lektura-lepsza-niz-oklad-z-lodu\/","title":{"rendered":"M\u0105dra lektura lepsza ni\u017c ok\u0142ad z lodu"},"content":{"rendered":"<p>Upa\u0142 zel\u017ca\u0142. Wprawdzie u nas temperatura nadal przekracza 30 stopni Celsjusza, ale wiaterek os\u0142abia uczucie gor\u0105ca.<br \/>\n<!--more--><br \/>\nMimo to temperatura awantur blogowych jako\u015b nie zel\u017ca\u0142a. Prawd\u0119 m\u00f3wi\u0105c, si\u0142a obelg ros\u0142a wraz ze s\u0142upkiem rt\u0119ci. I nie pomaga\u0142y delikatne uwagi z boku proponuj\u0105ce &#8222;grzech\u00f3w odpuszczenie&#8221;. Rozemocjonowane polemistki wgryza\u0142y si\u0119 w t\u0119tnice przeciwniczek i czeka\u0142y na agoni\u0119.<\/p>\n<p>Nie ma sensu roztrz\u0105sanie, kto zacz\u0105\u0142 i kto kogo mocniej zniewa\u017cy\u0142. Nie \u015bledzi\u0142em zreszt\u0105 ze zbyt wielk\u0105 uwag\u0105 tej kolejnej awantury.<\/p>\n<p>Przez ca\u0142y weekend czyta\u0142em niezwykle interesuj\u0105ce teksty, kt\u00f3rych by\u0142o pe\u0142no w r\u00f3\u017cnych pismach. W mojej macierzystej POLITYCE ukaza\u0142 si\u0119 arcyciekawy artyku\u0142 Joanny Podg\u00f3rskiej i Adama Szostkiewicza &#8222;Wygaszanie \u015bwiecko\u015bci?&#8221;. Dzi\u0119ki lekturze mo\u017cna zrozumie\u0107, jak dosz\u0142o do zlikwidowania rozdzia\u0142u Ko\u015bcio\u0142a od pa\u0144stwa i dok\u0105d t\u0105 drog\u0105 mo\u017cemy dow\u0119drowa\u0107.<\/p>\n<p>W &#8222;Gazecie Wyborczej&#8221; z wielkim zainteresowaniem przeczyta\u0142em kilka wywiad\u00f3w: z by\u0142ym prezydentem Bronis\u0142awem Komorowskim, \u017ca\u0142uj\u0105c jeszcze mocniej, \u017ce poni\u00f3s\u0142 on wyborcz\u0105 kl\u0119sk\u0119, z Edwardem Lucasem z &#8222;Economista&#8221; &#8211; wybitnym znawc\u0105 problem\u00f3w Rosji, kt\u00f3ry przewiduje, dok\u0105d mo\u017ce \u015bwiat doprowadzi\u0107 dzisiejsza polityka wschodnia oraz &#8211; moim zdaniem najm\u0105drzejszy ze wszystkich publikowanych ostatnio &#8211; artyku\u0142 Lidii Szewcowej &#8222;Nie wolno karmi\u0107 bestii bez ko\u0144ca&#8221;, o polityce Zachodu wobec Rosji i metodach Kremla zagra\u017caj\u0105cych spokojowi wsp\u00f3\u0142czesnego \u015bwiata.<a href=\"\/wp-content\/uploads\/2015\/08\/Wo\u0142owina-pierwsza-krzy\u017cowa.jpg\"><img loading=\"lazy\" decoding=\"async\" src=\"\/wp-content\/uploads\/2015\/08\/Wo\u0142owina-pierwsza-krzy\u017cowa-1024x768.jpg\" alt=\"OLYMPUS DIGITAL CAMERA\" width=\"620\" height=\"465\" class=\"aligncenter size-large wp-image-15307\" srcset=\"\/adamczewski\/wp-content\/uploads\/2015\/08\/Wo\u0142owina-pierwsza-krzy\u017cowa-1024x768.jpg 1024w, \/adamczewski\/wp-content\/uploads\/2015\/08\/Wo\u0142owina-pierwsza-krzy\u017cowa-300x225.jpg 300w\" sizes=\"(max-width: 620px) 100vw, 620px\" \/><\/a>Pisz\u0119 o tym wszystkim, mimo \u017ce to blog kulinarny. Wol\u0119 bowiem skr\u0119ca\u0107 ze \u015bcie\u017cki kucharskiej na polityczn\u0105, gdy\u017c wydaje mi si\u0119 ona bezpieczniejsza ni\u017c obrzucanie si\u0119 mi\u0119sem. A na pewno jest ona znacznie wa\u017cniejsza ni\u017c problem, kto kogo nienawidzi lub kto jest zdecydowanie g\u0142upszy i bardziej chamski.<\/p>\n","protected":false},"excerpt":{"rendered":"<p>Upa\u0142 zel\u017ca\u0142. Wprawdzie u nas temperatura nadal przekracza 30 stopni Celsjusza, ale wiaterek os\u0142abia uczucie gor\u0105ca.<\/p>\n","protected":false},"author":2,"featured_media":0,"comment_status":"open","ping_status":"closed","sticky":false,"template":"","format":"standard","meta":{"footnotes":""},"categories":[1],"tags":[],"_links":{"self":[{"href":"https:\/\/blog.polityka.pl\/adamczewski\/wp-json\/wp\/v2\/posts\/15292"}],"collection":[{"href":"https:\/\/blog.polityka.pl\/adamczewski\/wp-json\/wp\/v2\/posts"}],"about":[{"href":"https:\/\/blog.polityka.pl\/adamczewski\/wp-json\/wp\/v2\/types\/post"}],"author":[{"embeddable":true,"href":"https:\/\/blog.polityka.pl\/adamczewski\/wp-json\/wp\/v2\/users\/2"}],"replies":[{"embeddable":true,"href":"https:\/\/blog.polityka.pl\/adamczewski\/wp-json\/wp\/v2\/comments?post=15292"}],"version-history":[{"count":6,"href":"https:\/\/blog.polityka.pl\/adamczewski\/wp-json\/wp\/v2\/posts\/15292\/revisions"}],"predecessor-version":[{"id":15294,"href":"https:\/\/blog.polityka.pl\/adamczewski\/wp-json\/wp\/v2\/posts\/15292\/revisions\/15294"}],"wp:attachment":[{"href":"https:\/\/blog.polityka.pl\/adamczewski\/wp-json\/wp\/v2\/media?parent=15292"}],"wp:term":[{"taxonomy":"category","embeddable":true,"href":"https:\/\/blog.polityka.pl\/adamczewski\/wp-json\/wp\/v2\/categories?post=15292"},{"taxonomy":"post_tag","embeddable":true,"href":"https:\/\/blog.polityka.pl\/adamczewski\/wp-json\/wp\/v2\/tags?post=15292"}],"curies":[{"name":"wp","href":"https:\/\/api.w.org\/{rel}","templated":true}]}}