
{"id":15309,"date":"2015-08-19T07:00:14","date_gmt":"2015-08-19T05:00:14","guid":{"rendered":"http:\/\/adamczewski.blog.polityka.pl\/?p=15309"},"modified":"2015-08-20T21:46:03","modified_gmt":"2015-08-20T19:46:03","slug":"trudno-bedzie-obyc-sie-bez-grzybow","status":"publish","type":"post","link":"https:\/\/blog.polityka.pl\/adamczewski\/2015\/08\/19\/trudno-bedzie-obyc-sie-bez-grzybow\/","title":{"rendered":"Trudno b\u0119dzie oby\u0107 si\u0119 bez grzyb\u00f3w"},"content":{"rendered":"<p>Susza da\u0142a si\u0119 we znaki nie tylko rolnikom, zmniejszaj\u0105c plony wszelkich zb\u00f3\u017c i ziemniak\u00f3w. Podobnie b\u0119dzie z grzybami.<br \/>\n<!--more--><br \/>\nMoi s\u0105siedzi, znawcy tematu &#8211; praktycy, czyli stali mieszka\u0144cy wsi oraz liczni w mojej gminie naukowcy zajmuj\u0105cy si\u0119 przyrod\u0105 &#8211; twierdz\u0105, ze nie ma co liczy\u0107 na tegoroczne grzybobrania.<a href=\"\/wp-content\/uploads\/2015\/08\/Borowiki-z-pa\u017a.-20131.jpg\"><img loading=\"lazy\" decoding=\"async\" src=\"\/wp-content\/uploads\/2015\/08\/Borowiki-z-pa\u017a.-20131-1024x768.jpg\" alt=\"OLYMPUS DIGITAL CAMERA\" width=\"620\" height=\"465\" class=\"aligncenter size-large wp-image-15313\" srcset=\"\/adamczewski\/wp-content\/uploads\/2015\/08\/Borowiki-z-pa\u017a.-20131-1024x768.jpg 1024w, \/adamczewski\/wp-content\/uploads\/2015\/08\/Borowiki-z-pa\u017a.-20131-300x225.jpg 300w\" sizes=\"(max-width: 620px) 100vw, 620px\" \/><\/a>A przecie\u017c nasze okolice zawsze s\u0142yn\u0119\u0142y z obfito\u015bci grzyb\u00f3w. Chwali\u0142em si\u0119 swoimi prawdziwkami co rok, zamieszczaj\u0105c ich zdj\u0119cia, gdy tylko wychyn\u0119\u0142y spod \u015bci\u00f3\u0142ki w pobli\u017cu mojej werandy albo gdy znalaz\u0142em w buczynie szczeg\u00f3lnie dorodne okazy.<\/p>\n<p>Zwykle starcza\u0142o moich w\u0142asnych grzyb\u00f3w na susz dla ca\u0142ej rodziny i podarunki dla przyjaci\u00f3\u0142. W tym roku zw\u0142aszcza z podarunkami b\u0119dzie krucho. Na szcz\u0119\u015bcie w ubieg\u0142ym roku zbiory by\u0142y na tyle obfite, \u017ce mam jeszcze w specjalnych s\u0142ojach w spi\u017carni ususzone borowiki w takiej ilo\u015bci, \u017ce na tegoroczne \u015bwi\u0119ta powinno ich (acz skromnie) wystarczy\u0107.<a href=\"\/wp-content\/uploads\/2015\/08\/Borowik-2013.jpg\"><img loading=\"lazy\" decoding=\"async\" src=\"\/wp-content\/uploads\/2015\/08\/Borowik-2013-1024x768.jpg\" alt=\"OLYMPUS DIGITAL CAMERA\" width=\"620\" height=\"465\" class=\"aligncenter size-large wp-image-15311\" srcset=\"\/adamczewski\/wp-content\/uploads\/2015\/08\/Borowik-2013-1024x768.jpg 1024w, \/adamczewski\/wp-content\/uploads\/2015\/08\/Borowik-2013-300x225.jpg 300w\" sizes=\"(max-width: 620px) 100vw, 620px\" \/><\/a>Mimo tych apokaliptycznych prognoz licz\u0119 po cichu na wrze\u015bniowe deszcze, kt\u00f3re &#8211; mam nadziej\u0119 &#8211; o\u017cywi\u0105 grzybnie i zapewne mniej ni\u017c zwykle, ale jednak las obdaruje mnie prawdziwkami, kozakami i zawsze najliczniejszymi tu podgrzybkami. Ale &#8211; jak wiadomo &#8211; nadzieja&#8230;<a href=\"\/wp-content\/uploads\/2015\/08\/Borowik-wynurza-si\u0119.jpg\"><img loading=\"lazy\" decoding=\"async\" src=\"\/wp-content\/uploads\/2015\/08\/Borowik-wynurza-si\u0119-1024x768.jpg\" alt=\"OLYMPUS DIGITAL CAMERA\" width=\"620\" height=\"465\" class=\"aligncenter size-large wp-image-15314\" srcset=\"\/adamczewski\/wp-content\/uploads\/2015\/08\/Borowik-wynurza-si\u0119-1024x768.jpg 1024w, \/adamczewski\/wp-content\/uploads\/2015\/08\/Borowik-wynurza-si\u0119-300x225.jpg 300w\" sizes=\"(max-width: 620px) 100vw, 620px\" \/><\/a>Tymczasem wi\u0119c popatrzmy na grzybowe plony z przesz\u0142o\u015bci.<\/p>\n","protected":false},"excerpt":{"rendered":"<p>Susza da\u0142a si\u0119 we znaki nie tylko rolnikom, zmniejszaj\u0105c plony wszelkich zb\u00f3\u017c i ziemniak\u00f3w. Podobnie b\u0119dzie z grzybami.<\/p>\n","protected":false},"author":2,"featured_media":0,"comment_status":"open","ping_status":"closed","sticky":false,"template":"","format":"standard","meta":{"footnotes":""},"categories":[1],"tags":[],"_links":{"self":[{"href":"https:\/\/blog.polityka.pl\/adamczewski\/wp-json\/wp\/v2\/posts\/15309"}],"collection":[{"href":"https:\/\/blog.polityka.pl\/adamczewski\/wp-json\/wp\/v2\/posts"}],"about":[{"href":"https:\/\/blog.polityka.pl\/adamczewski\/wp-json\/wp\/v2\/types\/post"}],"author":[{"embeddable":true,"href":"https:\/\/blog.polityka.pl\/adamczewski\/wp-json\/wp\/v2\/users\/2"}],"replies":[{"embeddable":true,"href":"https:\/\/blog.polityka.pl\/adamczewski\/wp-json\/wp\/v2\/comments?post=15309"}],"version-history":[{"count":4,"href":"https:\/\/blog.polityka.pl\/adamczewski\/wp-json\/wp\/v2\/posts\/15309\/revisions"}],"predecessor-version":[{"id":15315,"href":"https:\/\/blog.polityka.pl\/adamczewski\/wp-json\/wp\/v2\/posts\/15309\/revisions\/15315"}],"wp:attachment":[{"href":"https:\/\/blog.polityka.pl\/adamczewski\/wp-json\/wp\/v2\/media?parent=15309"}],"wp:term":[{"taxonomy":"category","embeddable":true,"href":"https:\/\/blog.polityka.pl\/adamczewski\/wp-json\/wp\/v2\/categories?post=15309"},{"taxonomy":"post_tag","embeddable":true,"href":"https:\/\/blog.polityka.pl\/adamczewski\/wp-json\/wp\/v2\/tags?post=15309"}],"curies":[{"name":"wp","href":"https:\/\/api.w.org\/{rel}","templated":true}]}}