
{"id":15318,"date":"2015-08-21T07:02:28","date_gmt":"2015-08-21T05:02:28","guid":{"rendered":"http:\/\/adamczewski.blog.polityka.pl\/?p=15318"},"modified":"2015-08-20T21:49:12","modified_gmt":"2015-08-20T19:49:12","slug":"co-mozna-zobaczyc-na-prowincji","status":"publish","type":"post","link":"https:\/\/blog.polityka.pl\/adamczewski\/2015\/08\/21\/co-mozna-zobaczyc-na-prowincji\/","title":{"rendered":"Co mo\u017cna zobaczy\u0107 na prowincji"},"content":{"rendered":"<p>Jaki\u015b czas temu pisa\u0142em o supermarkecie, kt\u00f3ry powsta\u0142 w mojej wsi gminnej i martwi\u0142em si\u0119 o przysz\u0142o\u015b\u0107 kilku ma\u0142ych sklepik\u00f3w prowadzonych przez s\u0105siad\u00f3w. Jeszcze chyba za ma\u0142o czasu up\u0142yn\u0119\u0142o, by wyci\u0105ga\u0107 jakie\u015b wnioski z koegzystencji kolosa i liliput\u00f3w, ale chwilowo ich koegzystencja wygl\u0105da ca\u0142kiem dobrze.<br \/>\n<!--more--><br \/>\nPrzeczyta\u0142em te\u017c <a href=\"http:\/\/www.polityka.pl\/tygodnikpolityka\/rynek\/1629731,1,handlowe-wojny-kto-na-nich-traci-kto-zyskuje.read\" target=\"_blank\">artyku\u0142 Adama Grzeszaka w POLITYCE<\/a> w\u0142a\u015bnie na ten temat i zastanowi\u0142 mnie jego ostatni akapit, kt\u00f3ry brzmi tak:<\/p>\n<blockquote><p>W \u015brodku tych handlowych wojen jest Polak konsument. Pytany, czy woli kupowa\u0107 w dyskoncie, czy w tradycyjnym sklepie przyznaje, \u017ce oczywi\u015bcie w tradycyjnym. Czy woli polski market czy te\u017c zagraniczny &#8211; wskazuje bez wahania na polski.\u00a0A potem zbiera sieciowe gazetki, przegl\u0105da najnowsze promocje i idzie robi\u0107 zakupy, tam gdzie akurat najtaniej.\n<\/p><\/blockquote>\n<p>Po tej lekturze popatrzy\u0142em na parkuj\u0105ce pod sklepami w mojej wsi samochody. I zrozumia\u0142em, dlaczego pod nowym marketem jest coraz g\u0119\u015bciej.<\/p>\n<p>W pobli\u017cu ko\u015bcio\u0142a i pa\u0142acu jest u nas te\u017c boisko do pi\u0142ki no\u017cnej. Od czasu do czasu odbywaj\u0105 si\u0119 na nim mecze jakiej\u015b najni\u017cszej ligi. Teraz na pewien czas sport zostanie zawieszony. Ca\u0142e boisko bowiem jest zastawione jaskrawymi karuzelami, pawilonami wr\u00f3\u017cek, strzelnicami i innymi s\u0142u\u017c\u0105cymi rozrywce urz\u0105dzeniami. <\/p>\n<p>S\u0142owem &#8211; w naszej gminie pojawi\u0142 si\u0119 prawdziwy Lunapark. Jeszcze wprawdzie nie funkcjonuje, ale monta\u017c urz\u0105dze\u0144 dobiega ko\u0144ca. Ile za\u015b daje rado\u015bci mieszka\u0144com, opowiem przy nast\u0119pnej okazji, ju\u017c po skorzystaniu cho\u0107by z niekt\u00f3rych urz\u0105dze\u0144.<\/p>\n<p>Mam te\u017c nadziej\u0119, \u017ce Lunapark poczeka na nasz blogowy Zjazd i wszyscy b\u0119d\u0105 mogli powirowa\u0107 na \u0142ab\u0119dziu lub poje\u017adzi\u0107 na diabelskim m\u0142ynie.<\/p>\n","protected":false},"excerpt":{"rendered":"<p>Jaki\u015b czas temu pisa\u0142em o supermarkecie, kt\u00f3ry powsta\u0142 w mojej wsi gminnej i martwi\u0142em si\u0119 o przysz\u0142o\u015b\u0107 kilku ma\u0142ych sklepik\u00f3w prowadzonych przez s\u0105siad\u00f3w. Jeszcze chyba za ma\u0142o czasu up\u0142yn\u0119\u0142o, by wyci\u0105ga\u0107 jakie\u015b wnioski z koegzystencji kolosa i liliput\u00f3w, ale chwilowo ich koegzystencja wygl\u0105da ca\u0142kiem dobrze.<\/p>\n","protected":false},"author":2,"featured_media":0,"comment_status":"open","ping_status":"closed","sticky":false,"template":"","format":"standard","meta":{"footnotes":""},"categories":[1],"tags":[],"_links":{"self":[{"href":"https:\/\/blog.polityka.pl\/adamczewski\/wp-json\/wp\/v2\/posts\/15318"}],"collection":[{"href":"https:\/\/blog.polityka.pl\/adamczewski\/wp-json\/wp\/v2\/posts"}],"about":[{"href":"https:\/\/blog.polityka.pl\/adamczewski\/wp-json\/wp\/v2\/types\/post"}],"author":[{"embeddable":true,"href":"https:\/\/blog.polityka.pl\/adamczewski\/wp-json\/wp\/v2\/users\/2"}],"replies":[{"embeddable":true,"href":"https:\/\/blog.polityka.pl\/adamczewski\/wp-json\/wp\/v2\/comments?post=15318"}],"version-history":[{"count":4,"href":"https:\/\/blog.polityka.pl\/adamczewski\/wp-json\/wp\/v2\/posts\/15318\/revisions"}],"predecessor-version":[{"id":15323,"href":"https:\/\/blog.polityka.pl\/adamczewski\/wp-json\/wp\/v2\/posts\/15318\/revisions\/15323"}],"wp:attachment":[{"href":"https:\/\/blog.polityka.pl\/adamczewski\/wp-json\/wp\/v2\/media?parent=15318"}],"wp:term":[{"taxonomy":"category","embeddable":true,"href":"https:\/\/blog.polityka.pl\/adamczewski\/wp-json\/wp\/v2\/categories?post=15318"},{"taxonomy":"post_tag","embeddable":true,"href":"https:\/\/blog.polityka.pl\/adamczewski\/wp-json\/wp\/v2\/tags?post=15318"}],"curies":[{"name":"wp","href":"https:\/\/api.w.org\/{rel}","templated":true}]}}